{"id":9392,"date":"2015-09-03T16:14:37","date_gmt":"2015-09-03T20:14:37","guid":{"rendered":"https:\/\/ocorreionews.com.br\/?p=9392"},"modified":"2015-09-03T16:14:37","modified_gmt":"2015-09-03T20:14:37","slug":"nota-de-repudio-da-ucvms-em-desfavor-da-secretaria-de-saude-de-chapadao-do-sul","status":"publish","type":"post","link":"https:\/\/www.ocorreionews.com.br\/acervo-correio\/?p=9392","title":{"rendered":"Nota de Rep\u00fadio da UCVMS em desfavor da Secret\u00e1ria de Sa\u00fade de Chapad\u00e3o do Sul"},"content":{"rendered":"<p>A Uni\u00e3o das C\u00e2maras de\u00a0 Vereadores de Mato Grosso do Sul, emitiu nesta quinta-feira 03, uma nota de rep\u00fadio em desfavor da Secret\u00e1ria de Sa\u00fade do Munic\u00edpio de Chapad\u00e3o do Sul, pelo ato praticado contra os vereadores, quando estavam exercendo o dever de fiscalizador:<\/p>\n<p>Veja abaixo a nota:<\/p>\n<figure id=\"attachment_9393\" aria-describedby=\"caption-attachment-9393\" style=\"width: 531px\" class=\"wp-caption alignnone\"><a href=\"https:\/\/ocorreionews.com.br\/wp-content\/uploads\/2015\/09\/repudio.jpg\"><img loading=\"lazy\" decoding=\"async\" class=\"size-full wp-image-9393\" src=\"https:\/\/ocorreionews.com.br\/wp-content\/uploads\/2015\/09\/repudio.jpg\" alt=\"Image\" width=\"531\" height=\"684\" srcset=\"https:\/\/www.ocorreionews.com.br\/acervo-correio\/wp-content\/uploads\/2015\/09\/repudio.jpg 531w, https:\/\/www.ocorreionews.com.br\/acervo-correio\/wp-content\/uploads\/2015\/09\/repudio-233x300.jpg 233w\" sizes=\"auto, (max-width: 531px) 100vw, 531px\" \/><\/a><figcaption id=\"caption-attachment-9393\" class=\"wp-caption-text\">Image<\/figcaption><\/figure>\n","protected":false},"excerpt":{"rendered":"<p>A Uni\u00e3o das C\u00e2maras de\u00a0 Vereadores de Mato Grosso do Sul, emitiu nesta quinta-feira 03, uma nota de rep\u00fadio em desfavor da Secret\u00e1ria de Sa\u00fade do Munic\u00edpio de Chapad\u00e3o do Sul, pelo ato praticado contra os vereadores, quando estavam exercendo o dever de fiscalizador: Veja abaixo a nota:<\/p>\n","protected":false},"author":4,"featured_media":9394,"comment_status":"closed","ping_status":"closed","sticky":false,"template":"","format":"standard","meta":{"footnotes":""},"categories":[20],"tags":[],"class_list":["post-9392","post","type-post","status-publish","format-standard","has-post-thumbnail","hentry","category-camara-municipal"],"_links":{"self":[{"href":"https:\/\/www.ocorreionews.com.br\/acervo-correio\/index.php?rest_route=\/wp\/v2\/posts\/9392","targetHints":{"allow":["GET"]}}],"collection":[{"href":"https:\/\/www.ocorreionews.com.br\/acervo-correio\/index.php?rest_route=\/wp\/v2\/posts"}],"about":[{"href":"https:\/\/www.ocorreionews.com.br\/acervo-correio\/index.php?rest_route=\/wp\/v2\/types\/post"}],"author":[{"embeddable":true,"href":"https:\/\/www.ocorreionews.com.br\/acervo-correio\/index.php?rest_route=\/wp\/v2\/users\/4"}],"replies":[{"embeddable":true,"href":"https:\/\/www.ocorreionews.com.br\/acervo-correio\/index.php?rest_route=%2Fwp%2Fv2%2Fcomments&post=9392"}],"version-history":[{"count":0,"href":"https:\/\/www.ocorreionews.com.br\/acervo-correio\/index.php?rest_route=\/wp\/v2\/posts\/9392\/revisions"}],"wp:featuredmedia":[{"embeddable":true,"href":"https:\/\/www.ocorreionews.com.br\/acervo-correio\/index.php?rest_route=\/wp\/v2\/media\/9394"}],"wp:attachment":[{"href":"https:\/\/www.ocorreionews.com.br\/acervo-correio\/index.php?rest_route=%2Fwp%2Fv2%2Fmedia&parent=9392"}],"wp:term":[{"taxonomy":"category","embeddable":true,"href":"https:\/\/www.ocorreionews.com.br\/acervo-correio\/index.php?rest_route=%2Fwp%2Fv2%2Fcategories&post=9392"},{"taxonomy":"post_tag","embeddable":true,"href":"https:\/\/www.ocorreionews.com.br\/acervo-correio\/index.php?rest_route=%2Fwp%2Fv2%2Ftags&post=9392"}],"curies":[{"name":"wp","href":"https:\/\/api.w.org\/{rel}","templated":true}]}}