{"id":9396,"date":"2015-09-03T16:34:53","date_gmt":"2015-09-03T20:34:53","guid":{"rendered":"https:\/\/ocorreionews.com.br\/?p=9396"},"modified":"2015-09-03T16:36:34","modified_gmt":"2015-09-03T20:36:34","slug":"dr-quaranta-sugere-unidade-movel-de-saude-para-atendimento-na-zona-rural","status":"publish","type":"post","link":"https:\/\/www.ocorreionews.com.br\/acervo-correio\/?p=9396","title":{"rendered":"Dr. Quaranta sugere unidade m\u00f3vel de sa\u00fade para atendimento na zona rural"},"content":{"rendered":"<p style=\"text-align: justify;\">O vereador Dr. Quaranta em seu pronunciamento comentou sobre sua indica\u00e7\u00e3o que sugere a coloca\u00e7\u00e3o de reservat\u00f3rios de \u00e1gua nas casas de Chapad\u00e3o do Sul. Segundo o parlamentar a medida seria para solucionar o problema da falta d\u2019agua no munic\u00edpio, uma vez que com o reservat\u00f3rio no caso de falta no fornecimento de \u00e1gua, seria poss\u00edvel manter os servi\u00e7os essenciais que dependem da \u00e1gua, como banho, comida e etc.<\/p>\n<p style=\"text-align: justify;\">Outra indica\u00e7\u00e3o do parlamentar seria sobre a aquisi\u00e7\u00e3o de um \u00f4nibus para trabalho a campo, segundo o vereador seria interessante equipar um ve\u00edculo com aparelhos m\u00e9dicos como raio x port\u00e1til, mini laborat\u00f3rio para coleta de sangue al\u00e9m de um equipo odontol\u00f3gico, tudo para atendimento nos assentamentos e na \u00e1rea rural do munic\u00edpio.<\/p>\n<p style=\"text-align: justify;\">O vereador justifica a necessidade uma vez que atualmente os assentados v\u00eam at\u00e9 a cidade apenas uma vez ao m\u00eas para atendimento m\u00e9dico, j\u00e1 com a unidade de sa\u00fade m\u00f3vel, o atendimento poderia ser ampliado at\u00e9 a uma vez por semana em cada localidade.<\/p>\n<p style=\"text-align: justify;\">Parabenizou o vereador Abel pelo seu pronunciamento, onde comentou sobre a Sanesul e sobre os medidas que est\u00e3o sendo tomadas pela equipe t\u00e9cnica do governo do estado que est\u00e1 solucionando definitivamente os problemas referentes a falta de \u00e1gua no munic\u00edpio.<\/p>\n<p style=\"text-align: justify;\">Finalizou comentando sobre o DEMUTRAN, onde citou suas indica\u00e7\u00f5es que tem feito desde o primeiro ano de mandato sugerindo a implanta\u00e7\u00e3o de ciclovias nos principais pontos de acesso a cidade, para que os usu\u00e1rios deste meio de transporte possam transitar tranquilos e com seguran\u00e7a.<\/p>\n<p>&nbsp;<\/p>\n<p><iframe loading=\"lazy\" width=\"1170\" height=\"658\" src=\"https:\/\/www.youtube.com\/embed\/I_5OXjnk2Nw?feature=oembed\" frameborder=\"0\" allow=\"autoplay; encrypted-media\" allowfullscreen><\/iframe><\/p>\n<p>Assessoria C\u00e2mara<\/p>\n","protected":false},"excerpt":{"rendered":"<p>O vereador Dr. Quaranta em seu pronunciamento comentou sobre sua indica\u00e7\u00e3o que sugere a coloca\u00e7\u00e3o de reservat\u00f3rios de \u00e1gua nas casas de Chapad\u00e3o do Sul. Segundo o parlamentar a medida seria para solucionar o problema da falta d\u2019agua no munic\u00edpio, uma vez que com o reservat\u00f3rio no caso de falta no fornecimento de \u00e1gua, seria [&hellip;]<\/p>\n","protected":false},"author":4,"featured_media":9397,"comment_status":"closed","ping_status":"closed","sticky":false,"template":"","format":"standard","meta":{"footnotes":""},"categories":[20],"tags":[],"class_list":["post-9396","post","type-post","status-publish","format-standard","has-post-thumbnail","hentry","category-camara-municipal"],"_links":{"self":[{"href":"https:\/\/www.ocorreionews.com.br\/acervo-correio\/index.php?rest_route=\/wp\/v2\/posts\/9396","targetHints":{"allow":["GET"]}}],"collection":[{"href":"https:\/\/www.ocorreionews.com.br\/acervo-correio\/index.php?rest_route=\/wp\/v2\/posts"}],"about":[{"href":"https:\/\/www.ocorreionews.com.br\/acervo-correio\/index.php?rest_route=\/wp\/v2\/types\/post"}],"author":[{"embeddable":true,"href":"https:\/\/www.ocorreionews.com.br\/acervo-correio\/index.php?rest_route=\/wp\/v2\/users\/4"}],"replies":[{"embeddable":true,"href":"https:\/\/www.ocorreionews.com.br\/acervo-correio\/index.php?rest_route=%2Fwp%2Fv2%2Fcomments&post=9396"}],"version-history":[{"count":0,"href":"https:\/\/www.ocorreionews.com.br\/acervo-correio\/index.php?rest_route=\/wp\/v2\/posts\/9396\/revisions"}],"wp:featuredmedia":[{"embeddable":true,"href":"https:\/\/www.ocorreionews.com.br\/acervo-correio\/index.php?rest_route=\/wp\/v2\/media\/9397"}],"wp:attachment":[{"href":"https:\/\/www.ocorreionews.com.br\/acervo-correio\/index.php?rest_route=%2Fwp%2Fv2%2Fmedia&parent=9396"}],"wp:term":[{"taxonomy":"category","embeddable":true,"href":"https:\/\/www.ocorreionews.com.br\/acervo-correio\/index.php?rest_route=%2Fwp%2Fv2%2Fcategories&post=9396"},{"taxonomy":"post_tag","embeddable":true,"href":"https:\/\/www.ocorreionews.com.br\/acervo-correio\/index.php?rest_route=%2Fwp%2Fv2%2Ftags&post=9396"}],"curies":[{"name":"wp","href":"https:\/\/api.w.org\/{rel}","templated":true}]}}