{"id":9399,"date":"2015-09-03T16:37:16","date_gmt":"2015-09-03T20:37:16","guid":{"rendered":"https:\/\/ocorreionews.com.br\/?p=9399"},"modified":"2015-09-03T16:38:00","modified_gmt":"2015-09-03T20:38:00","slug":"alirio-bacca-parabenizou-fundacao-chapadao-pelos-seus-18-anos","status":"publish","type":"post","link":"https:\/\/www.ocorreionews.com.br\/acervo-correio\/?p=9399","title":{"rendered":"Al\u00edrio Bacca parabenizou Funda\u00e7\u00e3o Chapad\u00e3o pelos seus 18 anos"},"content":{"rendered":"<p>Em seu pronunciamento na sess\u00e3o desta segunda feira o vereador Al\u00edrio Bacca falou rapidamente sobre a comemora\u00e7\u00e3o dos 18 anos da funda\u00e7\u00e3o chapad\u00e3o. Segundo o parlamentar a entidade que \u00e9 uma empresa de pesquisa s\u00e9ria e eficiente comemorou com sucesso todos estes anos pesquisas e avan\u00e7os na agricultura<\/p>\n<p>Enalteceu o trabalho do presidente da entidade, Sr. Adriano Loeff e tamb\u00e9m do Pesquisador Edson Borges, al\u00e9m de toda a equipe de colaboradores e associados que ajudam a manter a Funda\u00e7\u00e3o Chapad\u00e3o. Comentou que a comemora\u00e7\u00e3o foi uma festa indicadora no meio rural de Chapad\u00e3o do Sul.<\/p>\n<p>&nbsp;<\/p>\n<p><iframe loading=\"lazy\" width=\"1170\" height=\"658\" src=\"https:\/\/www.youtube.com\/embed\/ljYOsNtfOGk?feature=oembed\" frameborder=\"0\" allow=\"autoplay; encrypted-media\" allowfullscreen><\/iframe><\/p>\n<p>Assessoria C\u00e2mara<\/p>\n","protected":false},"excerpt":{"rendered":"<p>Em seu pronunciamento na sess\u00e3o desta segunda feira o vereador Al\u00edrio Bacca falou rapidamente sobre a comemora\u00e7\u00e3o dos 18 anos da funda\u00e7\u00e3o chapad\u00e3o. Segundo o parlamentar a entidade que \u00e9 uma empresa de pesquisa s\u00e9ria e eficiente comemorou com sucesso todos estes anos pesquisas e avan\u00e7os na agricultura Enalteceu o trabalho do presidente da entidade, [&hellip;]<\/p>\n","protected":false},"author":4,"featured_media":9401,"comment_status":"closed","ping_status":"closed","sticky":false,"template":"","format":"standard","meta":{"footnotes":""},"categories":[20],"tags":[],"class_list":["post-9399","post","type-post","status-publish","format-standard","has-post-thumbnail","hentry","category-camara-municipal"],"_links":{"self":[{"href":"https:\/\/www.ocorreionews.com.br\/acervo-correio\/index.php?rest_route=\/wp\/v2\/posts\/9399","targetHints":{"allow":["GET"]}}],"collection":[{"href":"https:\/\/www.ocorreionews.com.br\/acervo-correio\/index.php?rest_route=\/wp\/v2\/posts"}],"about":[{"href":"https:\/\/www.ocorreionews.com.br\/acervo-correio\/index.php?rest_route=\/wp\/v2\/types\/post"}],"author":[{"embeddable":true,"href":"https:\/\/www.ocorreionews.com.br\/acervo-correio\/index.php?rest_route=\/wp\/v2\/users\/4"}],"replies":[{"embeddable":true,"href":"https:\/\/www.ocorreionews.com.br\/acervo-correio\/index.php?rest_route=%2Fwp%2Fv2%2Fcomments&post=9399"}],"version-history":[{"count":0,"href":"https:\/\/www.ocorreionews.com.br\/acervo-correio\/index.php?rest_route=\/wp\/v2\/posts\/9399\/revisions"}],"wp:featuredmedia":[{"embeddable":true,"href":"https:\/\/www.ocorreionews.com.br\/acervo-correio\/index.php?rest_route=\/wp\/v2\/media\/9401"}],"wp:attachment":[{"href":"https:\/\/www.ocorreionews.com.br\/acervo-correio\/index.php?rest_route=%2Fwp%2Fv2%2Fmedia&parent=9399"}],"wp:term":[{"taxonomy":"category","embeddable":true,"href":"https:\/\/www.ocorreionews.com.br\/acervo-correio\/index.php?rest_route=%2Fwp%2Fv2%2Fcategories&post=9399"},{"taxonomy":"post_tag","embeddable":true,"href":"https:\/\/www.ocorreionews.com.br\/acervo-correio\/index.php?rest_route=%2Fwp%2Fv2%2Ftags&post=9399"}],"curies":[{"name":"wp","href":"https:\/\/api.w.org\/{rel}","templated":true}]}}