{"id":940,"date":"2015-05-07T13:12:04","date_gmt":"2015-05-07T17:12:04","guid":{"rendered":"https:\/\/ocorreionews.com.br\/?p=940"},"modified":"2018-08-20T22:34:10","modified_gmt":"2018-08-21T02:34:10","slug":"melhor-idade-comemorou-o-dia-das-maes","status":"publish","type":"post","link":"https:\/\/www.ocorreionews.com.br\/acervo-correio\/?p=940","title":{"rendered":"Melhor idade comemorou o dia das m\u00e3es"},"content":{"rendered":"<p style=\"text-align: justify;\">A melhor idade de Chapad\u00e3o do Sul comemorou o dia das m\u00e3es nesta quarta-feira, dia do encontro semanal do grupo.<\/p>\n<p style=\"text-align: justify;\">A comemora\u00e7\u00e3o aconteceu no Centro de Conviv\u00eancia com caf\u00e9 da manh\u00e3, almo\u00e7o, baile, teatro e gincana. As m\u00e3es receberam um presente especial.<\/p>\n<p style=\"text-align: justify;\">A vice-prefeita Liza Scheide, a Secret\u00e1ria de Assist\u00eancia Social, Jeane Gleice Camargo, a Secret\u00e1ria Adjunta de Assist\u00eancia Social Liz\u00e9ia Vogler e a Secret\u00e1ria Adjunta de Governo, Ieda Borgelt prestigiaram o evento.<\/p>\n<p style=\"text-align: justify;\"><u><strong><a href=\"http:\/\/www.chapadaodosul.ms.gov.br\/galeria\/comemoraaao-das-maes-melhor-idade\/201\" target=\"_blank\">Mais fotos<\/a><\/strong><\/u><\/p>\n<p style=\"text-align: justify;\">\n<p style=\"text-align: justify;\">Fonte: Assecom PMCS<\/p>\n","protected":false},"excerpt":{"rendered":"<p>A melhor idade de Chapad\u00e3o do Sul comemorou o dia das m\u00e3es nesta quarta-feira, dia do encontro semanal do grupo. A comemora\u00e7\u00e3o aconteceu no Centro de Conviv\u00eancia com caf\u00e9 da manh\u00e3, almo\u00e7o, baile, teatro e gincana. As m\u00e3es receberam um presente especial. A vice-prefeita Liza Scheide, a Secret\u00e1ria de Assist\u00eancia Social, Jeane Gleice Camargo, a [&hellip;]<\/p>\n","protected":false},"author":4,"featured_media":941,"comment_status":"closed","ping_status":"closed","sticky":false,"template":"","format":"standard","meta":{"footnotes":""},"categories":[23],"tags":[],"class_list":["post-940","post","type-post","status-publish","format-standard","has-post-thumbnail","hentry","category-chapadao-do-sul"],"_links":{"self":[{"href":"https:\/\/www.ocorreionews.com.br\/acervo-correio\/index.php?rest_route=\/wp\/v2\/posts\/940","targetHints":{"allow":["GET"]}}],"collection":[{"href":"https:\/\/www.ocorreionews.com.br\/acervo-correio\/index.php?rest_route=\/wp\/v2\/posts"}],"about":[{"href":"https:\/\/www.ocorreionews.com.br\/acervo-correio\/index.php?rest_route=\/wp\/v2\/types\/post"}],"author":[{"embeddable":true,"href":"https:\/\/www.ocorreionews.com.br\/acervo-correio\/index.php?rest_route=\/wp\/v2\/users\/4"}],"replies":[{"embeddable":true,"href":"https:\/\/www.ocorreionews.com.br\/acervo-correio\/index.php?rest_route=%2Fwp%2Fv2%2Fcomments&post=940"}],"version-history":[{"count":0,"href":"https:\/\/www.ocorreionews.com.br\/acervo-correio\/index.php?rest_route=\/wp\/v2\/posts\/940\/revisions"}],"wp:featuredmedia":[{"embeddable":true,"href":"https:\/\/www.ocorreionews.com.br\/acervo-correio\/index.php?rest_route=\/wp\/v2\/media\/941"}],"wp:attachment":[{"href":"https:\/\/www.ocorreionews.com.br\/acervo-correio\/index.php?rest_route=%2Fwp%2Fv2%2Fmedia&parent=940"}],"wp:term":[{"taxonomy":"category","embeddable":true,"href":"https:\/\/www.ocorreionews.com.br\/acervo-correio\/index.php?rest_route=%2Fwp%2Fv2%2Fcategories&post=940"},{"taxonomy":"post_tag","embeddable":true,"href":"https:\/\/www.ocorreionews.com.br\/acervo-correio\/index.php?rest_route=%2Fwp%2Fv2%2Ftags&post=940"}],"curies":[{"name":"wp","href":"https:\/\/api.w.org\/{rel}","templated":true}]}}