{"id":9403,"date":"2015-09-03T16:38:23","date_gmt":"2015-09-03T20:38:23","guid":{"rendered":"https:\/\/ocorreionews.com.br\/?p=9403"},"modified":"2015-09-03T16:38:23","modified_gmt":"2015-09-03T20:38:23","slug":"audiencia-publica-sera-transmitida-ao-vivo-pela-tv-camara-perguntas-serao-aceitas-online","status":"publish","type":"post","link":"https:\/\/www.ocorreionews.com.br\/acervo-correio\/?p=9403","title":{"rendered":"Audi\u00eancia P\u00fablica ser\u00e1 transmitida ao vivo pela TV C\u00e2mara! Perguntas ser\u00e3o aceitas online"},"content":{"rendered":"<p>A Comiss\u00e3o de Urbanismo e Infraestrutura, presidida pelo Vereador Abel Lemes, realizar\u00e1 hoje a segunda audi\u00eancia p\u00fablica da semana, que ter\u00e1 como tema o Projeto de Lei Complementar n\u00ba 021\/2015. Executivo que estabelece normas para o parcelamento do solo urbano no munic\u00edpio de Chapad\u00e3o do Sul.<\/p>\n<p>Nesta tarde reuniram-se os membros da comiss\u00e3o, Abel Lemes, Tania Francini e Ademar Prainha al\u00e9m do vereador Teacher Wagner, que junto com a assessoria jur\u00eddica da c\u00e2mara est\u00e3o definindo os \u00faltimos detalhes da audi\u00eancia que ser\u00e1 realizada logo mais as 18h30m.<\/p>\n<p>Ficou definido na reuni\u00e3o que a audi\u00eancia ser\u00e1 transmitida ao vivo pelo site da c\u00e2mara municipal atrav\u00e9s da TV C\u00e2mara, tamb\u00e9m ser\u00e1 aberto espa\u00e7o para perguntas pelos internautas por meio de coment\u00e1rios na p\u00e1gina oficial do poder legislativo no facebook.<\/p>\n<p>Todos que tiverem d\u00favidas do que foi explanado, basta deixar um coment\u00e1rio na imagem compartilhada do Poder Legislativo com nome completo, profiss\u00e3o e a d\u00favida, que a mesma ser\u00e1 lida e respondida ao vivo na audi\u00eancia.<\/p>\n<p>Para ter acesso a TV C\u00e2mara basta acessar o site <a href=\"http:\/\/www.camarachapadaodosul.ms.gov.br\/\" target=\"_blank\">http:\/\/www.camarachapadaodosul.ms.gov.br<\/a> e clicar no link \u201cTV C\u00e2mara no canto superior esquerdo\u201d, ou diretamente pelo link:<\/p>\n<p><a href=\"http:\/\/www.camarachapadaodosul.ms.gov.br\/index.php\/tv-camara\" target=\"_blank\">http:\/\/www.camarachapadaodosul.ms.gov.br\/index.php\/tv-camara<\/a><\/p>\n<p>&nbsp;<\/p>\n","protected":false},"excerpt":{"rendered":"<p>A Comiss\u00e3o de Urbanismo e Infraestrutura, presidida pelo Vereador Abel Lemes, realizar\u00e1 hoje a segunda audi\u00eancia p\u00fablica da semana, que ter\u00e1 como tema o Projeto de Lei Complementar n\u00ba 021\/2015. Executivo que estabelece normas para o parcelamento do solo urbano no munic\u00edpio de Chapad\u00e3o do Sul. Nesta tarde reuniram-se os membros da comiss\u00e3o, Abel Lemes, [&hellip;]<\/p>\n","protected":false},"author":4,"featured_media":5993,"comment_status":"closed","ping_status":"closed","sticky":false,"template":"","format":"standard","meta":{"footnotes":""},"categories":[20,23],"tags":[],"class_list":["post-9403","post","type-post","status-publish","format-standard","has-post-thumbnail","hentry","category-camara-municipal","category-chapadao-do-sul"],"_links":{"self":[{"href":"https:\/\/www.ocorreionews.com.br\/acervo-correio\/index.php?rest_route=\/wp\/v2\/posts\/9403","targetHints":{"allow":["GET"]}}],"collection":[{"href":"https:\/\/www.ocorreionews.com.br\/acervo-correio\/index.php?rest_route=\/wp\/v2\/posts"}],"about":[{"href":"https:\/\/www.ocorreionews.com.br\/acervo-correio\/index.php?rest_route=\/wp\/v2\/types\/post"}],"author":[{"embeddable":true,"href":"https:\/\/www.ocorreionews.com.br\/acervo-correio\/index.php?rest_route=\/wp\/v2\/users\/4"}],"replies":[{"embeddable":true,"href":"https:\/\/www.ocorreionews.com.br\/acervo-correio\/index.php?rest_route=%2Fwp%2Fv2%2Fcomments&post=9403"}],"version-history":[{"count":0,"href":"https:\/\/www.ocorreionews.com.br\/acervo-correio\/index.php?rest_route=\/wp\/v2\/posts\/9403\/revisions"}],"wp:featuredmedia":[{"embeddable":true,"href":"https:\/\/www.ocorreionews.com.br\/acervo-correio\/index.php?rest_route=\/wp\/v2\/media\/5993"}],"wp:attachment":[{"href":"https:\/\/www.ocorreionews.com.br\/acervo-correio\/index.php?rest_route=%2Fwp%2Fv2%2Fmedia&parent=9403"}],"wp:term":[{"taxonomy":"category","embeddable":true,"href":"https:\/\/www.ocorreionews.com.br\/acervo-correio\/index.php?rest_route=%2Fwp%2Fv2%2Fcategories&post=9403"},{"taxonomy":"post_tag","embeddable":true,"href":"https:\/\/www.ocorreionews.com.br\/acervo-correio\/index.php?rest_route=%2Fwp%2Fv2%2Ftags&post=9403"}],"curies":[{"name":"wp","href":"https:\/\/api.w.org\/{rel}","templated":true}]}}