{"id":943,"date":"2015-05-07T13:14:18","date_gmt":"2015-05-07T17:14:18","guid":{"rendered":"https:\/\/ocorreionews.com.br\/?p=943"},"modified":"2018-08-20T22:34:10","modified_gmt":"2018-08-21T02:34:10","slug":"neste-sabado-tem-nova-campanha-de-adocao-de-caes-do-canil-municipal","status":"publish","type":"post","link":"https:\/\/www.ocorreionews.com.br\/acervo-correio\/?p=943","title":{"rendered":"Neste s\u00e1bado tem nova Campanha de ado\u00e7\u00e3o de c\u00e3es do Canil Municipal"},"content":{"rendered":"<p style=\"text-align: justify;\">O Canil Municipal realizar\u00e1 neste s\u00e1bado, 09, no hor\u00e1rio das 7 \u00e0s 11:00 horas, na Pra\u00e7a de Eventos,\u00a0 uma nova \u201c Campanha Adote um C\u00e3o na Pra\u00e7a\u201d, onde estar\u00e3o para\u00a0 ado\u00e7\u00e3o filhotes e c\u00e3es adultos, que foram deixados no Canil Municipal ou que foram capturados nas ruas.<\/p>\n<p style=\"text-align: justify;\">Toda popula\u00e7\u00e3o que queira adotar um c\u00e3ozinho est\u00e1 convocada para comparecer na Pra\u00e7a de Eventos, sendo necess\u00e1rio apenas trazer os documentos pessoais para preencher o Termo de Responsabilidade de Ado\u00e7\u00e3o.<\/p>\n<p style=\"text-align: justify;\">As campanhas de ado\u00e7\u00e3o s\u00e3o uma maneira de conscientizar e sensibilizar a popula\u00e7\u00e3o ao est\u00edmulo a POSSE\u00a0 RESPONS\u00c1VEL, onde a responsabilidade e obriga\u00e7\u00e3o\u00a0 dono de um\u00a0 c\u00e3o ou gato \u00e9 assegurar\u00a0 ao animalzinho seu bem estar e cuidados com sua sa\u00fade, sanidade proporcionando longa vida a eles, que \u00e9 no m\u00ednimo de 12 anos e principalmente n\u00e3o deixar os c\u00e3es soltos nas ruas ou abandona-los.<\/p>\n<p style=\"text-align: justify;\"><strong>POSSE RESPONS\u00c1VEL! ADOTE ESSA ID\u00c9IA.<\/strong><\/p>\n<p style=\"text-align: justify;\"><strong>ANIMAL N\u00c3O \u00c9 BRINQUEDO, SENTE FOME, FRIO E MEDO. DIGA, N\u00c3O AO ABANDONO.<\/strong><\/p>\n","protected":false},"excerpt":{"rendered":"<p>O Canil Municipal realizar\u00e1 neste s\u00e1bado, 09, no hor\u00e1rio das 7 \u00e0s 11:00 horas, na Pra\u00e7a de Eventos,\u00a0 uma nova \u201c Campanha Adote um C\u00e3o na Pra\u00e7a\u201d, onde estar\u00e3o para\u00a0 ado\u00e7\u00e3o filhotes e c\u00e3es adultos, que foram deixados no Canil Municipal ou que foram capturados nas ruas. Toda popula\u00e7\u00e3o que queira adotar um c\u00e3ozinho est\u00e1 [&hellip;]<\/p>\n","protected":false},"author":4,"featured_media":944,"comment_status":"closed","ping_status":"closed","sticky":false,"template":"","format":"standard","meta":{"footnotes":""},"categories":[23],"tags":[],"class_list":["post-943","post","type-post","status-publish","format-standard","has-post-thumbnail","hentry","category-chapadao-do-sul"],"_links":{"self":[{"href":"https:\/\/www.ocorreionews.com.br\/acervo-correio\/index.php?rest_route=\/wp\/v2\/posts\/943","targetHints":{"allow":["GET"]}}],"collection":[{"href":"https:\/\/www.ocorreionews.com.br\/acervo-correio\/index.php?rest_route=\/wp\/v2\/posts"}],"about":[{"href":"https:\/\/www.ocorreionews.com.br\/acervo-correio\/index.php?rest_route=\/wp\/v2\/types\/post"}],"author":[{"embeddable":true,"href":"https:\/\/www.ocorreionews.com.br\/acervo-correio\/index.php?rest_route=\/wp\/v2\/users\/4"}],"replies":[{"embeddable":true,"href":"https:\/\/www.ocorreionews.com.br\/acervo-correio\/index.php?rest_route=%2Fwp%2Fv2%2Fcomments&post=943"}],"version-history":[{"count":0,"href":"https:\/\/www.ocorreionews.com.br\/acervo-correio\/index.php?rest_route=\/wp\/v2\/posts\/943\/revisions"}],"wp:featuredmedia":[{"embeddable":true,"href":"https:\/\/www.ocorreionews.com.br\/acervo-correio\/index.php?rest_route=\/wp\/v2\/media\/944"}],"wp:attachment":[{"href":"https:\/\/www.ocorreionews.com.br\/acervo-correio\/index.php?rest_route=%2Fwp%2Fv2%2Fmedia&parent=943"}],"wp:term":[{"taxonomy":"category","embeddable":true,"href":"https:\/\/www.ocorreionews.com.br\/acervo-correio\/index.php?rest_route=%2Fwp%2Fv2%2Fcategories&post=943"},{"taxonomy":"post_tag","embeddable":true,"href":"https:\/\/www.ocorreionews.com.br\/acervo-correio\/index.php?rest_route=%2Fwp%2Fv2%2Ftags&post=943"}],"curies":[{"name":"wp","href":"https:\/\/api.w.org\/{rel}","templated":true}]}}