{"id":946,"date":"2015-05-07T13:18:57","date_gmt":"2015-05-07T17:18:57","guid":{"rendered":"https:\/\/ocorreionews.com.br\/?p=946"},"modified":"2018-08-20T22:34:12","modified_gmt":"2018-08-21T02:34:12","slug":"banco-central-preve-alta-de-98-na-gasolina-e-de-383-na-conta-de-luz","status":"publish","type":"post","link":"https:\/\/www.ocorreionews.com.br\/acervo-correio\/?p=946","title":{"rendered":"Banco Central prev\u00ea alta de 9,8% na gasolina e de 38,3% na conta de luz"},"content":{"rendered":"<p style=\"text-align: justify;\">O BC (Banco Central) divulgou, nesta quinta-feira (7), a ata do Copom (Comit\u00ea de Pol\u00edtica Monet\u00e1ria) da \u00faltima reuni\u00e3o, realizada nos dias 28 e 29 de abril, quando a\u00a0taxa b\u00e1sica de juros, Selic, subiu para 13,25% ao ano. O relat\u00f3rio aponta que a gasolina, o botij\u00e3o de g\u00e1s e a energia el\u00e9trica v\u00e3o pesar mais no bolso do brasileiro neste ano.<\/p>\n<p style=\"text-align: justify;\">De acordo com o documento, a conta de luz vai ficar 38,3% mais cara. Enquanto a gasolina ainda vai subir mais 9,8%, e o no pre\u00e7o do g\u00e1s de buj\u00e3o vai ficar 1,9% mais alto. A \u00fanica queda prevista \u00e9 a da tarifa de telefone fixo, que deve cair 4,1%.<\/p>\n<p style=\"text-align: justify;\">Ao todo, o comit\u00ea espera que os pre\u00e7os administrados por contrato e monitorados pelo governo fiquem 11,8% mais caros neste ano. Na \u00faltima reuni\u00e3o do Copom, realizada em mar\u00e7o, a expectativa de alta para esses pre\u00e7os era de 10,7%. Para o pr\u00f3ximo ano, o conjunto dos pre\u00e7os administrados deve subir 5,3%.<\/p>\n<p style=\"text-align: justify;\">Mais uma vez, o Copom afirma que as informa\u00e7\u00f5es dispon\u00edveis sugerem certa persist\u00eancia da infla\u00e7\u00e3o, o que se reflete, em parte, na din\u00e2mica dos pre\u00e7os no segmento de servi\u00e7os.<\/p>\n<p style=\"text-align: justify;\">As proje\u00e7\u00f5es coletadas pelo Gerin (Departamento de Relacionamento com Investidores e Estudos Especiais) para a varia\u00e7\u00e3o da infla\u00e7\u00e3o oficial, o IPCA (\u00cdndice Nacional de Pre\u00e7o ao Consumidor Amplo), neste ano passou de 7,47% para 8,25% e, para 2016, de 5,50% para 5,60%.<\/p>\n<p style=\"text-align: justify;\">O Copom afirma ainda que \u201ccabe especificamente \u00e0 pol\u00edtica monet\u00e1ria manter-se especialmente vigilante, para garantir que press\u00f5es detectadas em horizontes mais curtos n\u00e3o se propaguem para horizontes mais longos\u201d.<\/p>\n<p style=\"text-align: justify;\">Ao final do documento, o comit\u00ea diz que \u201co cen\u00e1rio de converg\u00eancia da infla\u00e7\u00e3o para 4,5% em 2016 tem se fortalecido\u201d.<\/p>\n<p style=\"text-align: justify;\">\u2014 Para o Comit\u00ea, contudo, os avan\u00e7os alcan\u00e7ados no combate \u00e0 infla\u00e7\u00e3o \u2014 a exemplo de sinais benignos vindos de indicadores de expectativas de m\u00e9dio e longo prazo \u2014 ainda n\u00e3o se mostram suficientes.<\/p>\n<p style=\"text-align: justify;\">\n<p style=\"text-align: justify;\">Fonte: R7<\/p>\n","protected":false},"excerpt":{"rendered":"<p>O BC (Banco Central) divulgou, nesta quinta-feira (7), a ata do Copom (Comit\u00ea de Pol\u00edtica Monet\u00e1ria) da \u00faltima reuni\u00e3o, realizada nos dias 28 e 29 de abril, quando a\u00a0taxa b\u00e1sica de juros, Selic, subiu para 13,25% ao ano. O relat\u00f3rio aponta que a gasolina, o botij\u00e3o de g\u00e1s e a energia el\u00e9trica v\u00e3o pesar mais [&hellip;]<\/p>\n","protected":false},"author":4,"featured_media":947,"comment_status":"closed","ping_status":"closed","sticky":false,"template":"","format":"standard","meta":{"footnotes":""},"categories":[26],"tags":[],"class_list":["post-946","post","type-post","status-publish","format-standard","has-post-thumbnail","hentry","category-economia"],"_links":{"self":[{"href":"https:\/\/www.ocorreionews.com.br\/acervo-correio\/index.php?rest_route=\/wp\/v2\/posts\/946","targetHints":{"allow":["GET"]}}],"collection":[{"href":"https:\/\/www.ocorreionews.com.br\/acervo-correio\/index.php?rest_route=\/wp\/v2\/posts"}],"about":[{"href":"https:\/\/www.ocorreionews.com.br\/acervo-correio\/index.php?rest_route=\/wp\/v2\/types\/post"}],"author":[{"embeddable":true,"href":"https:\/\/www.ocorreionews.com.br\/acervo-correio\/index.php?rest_route=\/wp\/v2\/users\/4"}],"replies":[{"embeddable":true,"href":"https:\/\/www.ocorreionews.com.br\/acervo-correio\/index.php?rest_route=%2Fwp%2Fv2%2Fcomments&post=946"}],"version-history":[{"count":0,"href":"https:\/\/www.ocorreionews.com.br\/acervo-correio\/index.php?rest_route=\/wp\/v2\/posts\/946\/revisions"}],"wp:featuredmedia":[{"embeddable":true,"href":"https:\/\/www.ocorreionews.com.br\/acervo-correio\/index.php?rest_route=\/wp\/v2\/media\/947"}],"wp:attachment":[{"href":"https:\/\/www.ocorreionews.com.br\/acervo-correio\/index.php?rest_route=%2Fwp%2Fv2%2Fmedia&parent=946"}],"wp:term":[{"taxonomy":"category","embeddable":true,"href":"https:\/\/www.ocorreionews.com.br\/acervo-correio\/index.php?rest_route=%2Fwp%2Fv2%2Fcategories&post=946"},{"taxonomy":"post_tag","embeddable":true,"href":"https:\/\/www.ocorreionews.com.br\/acervo-correio\/index.php?rest_route=%2Fwp%2Fv2%2Ftags&post=946"}],"curies":[{"name":"wp","href":"https:\/\/api.w.org\/{rel}","templated":true}]}}