{"id":949,"date":"2015-05-07T13:17:13","date_gmt":"2015-05-07T17:17:13","guid":{"rendered":"https:\/\/ocorreionews.com.br\/?p=949"},"modified":"2018-08-20T22:34:10","modified_gmt":"2018-08-21T02:34:10","slug":"concurso-disponibiliza-5-vagas-para-conselho-tutelar-com-salario-de-r-1-650","status":"publish","type":"post","link":"https:\/\/www.ocorreionews.com.br\/acervo-correio\/?p=949","title":{"rendered":"Concurso disponibiliza 5 vagas para Conselho Tutelar com sal\u00e1rio de R$ 1.650"},"content":{"rendered":"<p>&nbsp;<\/p>\n<p style=\"text-align: justify;\">O Conselho Municipal dos Direitos da Crian\u00e7a e do Adolescente (CMDCA) de Para\u00edso das \u00c1guas, est\u00e1 com processo seletivo aberto para a contrata\u00e7\u00e3o de cinco conselheiros titulares para o Conselho Tutelar do munic\u00edpio, bem como de seus respectivos suplentes.<\/p>\n<p>As inscri\u00e7\u00f5es ser\u00e3o aceitas at\u00e9 o dia 22 de maio, na sede da Prefeitura Municipal de Para\u00edso das \u00c1guas, sito \u00e0 Avenida Manoel Rodrigues da Cruz, 481, Centro, Para\u00edso das \u00c1guas (MS), sendo unicamente de maneira presencial. O hor\u00e1rio de atendimento \u00e9 das 7h \u00e0s 11h e das 13h \u00e0s 17h. O edital pode ser conferido na \u00edntegra logo abaixo.<\/p>\n<p>Os ocupantes do cargo dever\u00e3o cumprir 40 horas semanais, al\u00e9m de rod\u00edzios de plant\u00f5es noturnos, feriados e aos finais de semana. O vencimento salarial \u00e9 equivalente ao padr\u00e3o de refer\u00eancia DAS-5, da tabela dos servidores p\u00fablicos da Prefeitura de Para\u00edso das \u00c1guas.<\/p>\n<p style=\"text-align: justify;\">A previs\u00e3o \u00e9 que a prova objetiva seja realizada no dia 24 de junho de 2015, \u00e0s 8h, na Escola Municipal Prof\u00aa Lizete Rivelli Alpe &#8211; P\u00f3lo.<\/p>\n<p style=\"text-align: justify;\">\n<p style=\"text-align: justify;\"><span style=\"font-family: helvetica; font-size: small;\"><a href=\"http:\/\/www.britonews.com.br\/noticias\/150911\/Concurso-disponibiliza-5-vagas-para-Conselho-Tutelar-com-salario-de-R--1-650--veja-edital.html\">Veja Edital na \u00edntegra aqui<\/a><\/span><\/p>\n<p style=\"text-align: justify;\">\n<p style=\"text-align: justify;\">Fonte: Brito News<\/p>\n","protected":false},"excerpt":{"rendered":"<p>&nbsp; O Conselho Municipal dos Direitos da Crian\u00e7a e do Adolescente (CMDCA) de Para\u00edso das \u00c1guas, est\u00e1 com processo seletivo aberto para a contrata\u00e7\u00e3o de cinco conselheiros titulares para o Conselho Tutelar do munic\u00edpio, bem como de seus respectivos suplentes. As inscri\u00e7\u00f5es ser\u00e3o aceitas at\u00e9 o dia 22 de maio, na sede da Prefeitura Municipal [&hellip;]<\/p>\n","protected":false},"author":4,"featured_media":950,"comment_status":"closed","ping_status":"closed","sticky":false,"template":"","format":"standard","meta":{"footnotes":""},"categories":[36],"tags":[],"class_list":["post-949","post","type-post","status-publish","format-standard","has-post-thumbnail","hentry","category-paraiso-das-aguas"],"_links":{"self":[{"href":"https:\/\/www.ocorreionews.com.br\/acervo-correio\/index.php?rest_route=\/wp\/v2\/posts\/949","targetHints":{"allow":["GET"]}}],"collection":[{"href":"https:\/\/www.ocorreionews.com.br\/acervo-correio\/index.php?rest_route=\/wp\/v2\/posts"}],"about":[{"href":"https:\/\/www.ocorreionews.com.br\/acervo-correio\/index.php?rest_route=\/wp\/v2\/types\/post"}],"author":[{"embeddable":true,"href":"https:\/\/www.ocorreionews.com.br\/acervo-correio\/index.php?rest_route=\/wp\/v2\/users\/4"}],"replies":[{"embeddable":true,"href":"https:\/\/www.ocorreionews.com.br\/acervo-correio\/index.php?rest_route=%2Fwp%2Fv2%2Fcomments&post=949"}],"version-history":[{"count":0,"href":"https:\/\/www.ocorreionews.com.br\/acervo-correio\/index.php?rest_route=\/wp\/v2\/posts\/949\/revisions"}],"wp:featuredmedia":[{"embeddable":true,"href":"https:\/\/www.ocorreionews.com.br\/acervo-correio\/index.php?rest_route=\/wp\/v2\/media\/950"}],"wp:attachment":[{"href":"https:\/\/www.ocorreionews.com.br\/acervo-correio\/index.php?rest_route=%2Fwp%2Fv2%2Fmedia&parent=949"}],"wp:term":[{"taxonomy":"category","embeddable":true,"href":"https:\/\/www.ocorreionews.com.br\/acervo-correio\/index.php?rest_route=%2Fwp%2Fv2%2Fcategories&post=949"},{"taxonomy":"post_tag","embeddable":true,"href":"https:\/\/www.ocorreionews.com.br\/acervo-correio\/index.php?rest_route=%2Fwp%2Fv2%2Ftags&post=949"}],"curies":[{"name":"wp","href":"https:\/\/api.w.org\/{rel}","templated":true}]}}