{"id":9515,"date":"2015-09-07T13:33:08","date_gmt":"2015-09-07T17:33:08","guid":{"rendered":"https:\/\/ocorreionews.com.br\/?p=9515"},"modified":"2015-09-07T13:45:51","modified_gmt":"2015-09-07T17:45:51","slug":"independencia-celular-entra-em-fase-de-teste-em-paraiso-das-aguas","status":"publish","type":"post","link":"https:\/\/www.ocorreionews.com.br\/acervo-correio\/?p=9515","title":{"rendered":"Prefeito e popula\u00e7\u00e3o comemoram a chegada do sinal do celular em Para\u00edso das \u00c1guas"},"content":{"rendered":"<p><span style=\"font-family: helvetica; font-size: small;\">O sinal de telefonia m\u00f3vel &#8211; celular da operadora Vivo, foi testado na manh\u00e3 desta segunda-feira(07), onde grande parte da popula\u00e7\u00e3o pode ter o prazer de receber e realizar chamadas pela primeira vez em Para\u00edso das \u00c1guas.<\/span><\/p>\n<div><span style=\"font-family: helvetica; font-size: small;\">Os equipamentos de transmiss\u00e3o est\u00e3o sendo testados e ainda esta semana ser\u00e1 feito o an\u00fancio da disponibilidade de sinal de celular no munic\u00edpio.<\/span><\/div>\n<div><span style=\"font-family: helvetica; font-size: small;\">\u00a0<\/span><\/div>\n<div><span style=\"font-family: helvetica; font-size: small;\">Para\u00edso das \u00c1guas \u00e9 um dos \u00fanicos munic\u00edpios brasileiros que ainda n\u00e3o era beneficiado com a cobertura de telefonia m\u00f3vel. O prefeito Ivan da Cruz Pereira, o Xixi (PMDB), informou em entrevista ao Jornal da FM Para\u00edso 87.9, na semana passada, que a previs\u00e3o para funcionamento normal do sinal de celular \u00e9 para o pr\u00f3ximo dia 11, sexta-feira, onde dever\u00e1 haver uma solenidade com presen\u00e7a de autoridades estaduais e federais.<\/span><\/div>\n<div><span style=\"font-family: helvetica; font-size: small;\">\u00a0<\/span><\/div>\n<div><span style=\"font-family: helvetica; font-size: small;\">A popula\u00e7\u00e3o paraisense aguardava com ansiedade a chegada do sinal de celular que trar\u00e1 grandes benef\u00edcios e o avan\u00e7o no progresso da cidade.<\/span><\/div>\n","protected":false},"excerpt":{"rendered":"<p>O sinal de telefonia m\u00f3vel &#8211; celular da operadora Vivo, foi testado na manh\u00e3 desta segunda-feira(07), onde grande parte da popula\u00e7\u00e3o pode ter o prazer de receber e realizar chamadas pela primeira vez em Para\u00edso das \u00c1guas. Os equipamentos de transmiss\u00e3o est\u00e3o sendo testados e ainda esta semana ser\u00e1 feito o an\u00fancio da disponibilidade de [&hellip;]<\/p>\n","protected":false},"author":4,"featured_media":9519,"comment_status":"closed","ping_status":"closed","sticky":false,"template":"","format":"standard","meta":{"footnotes":""},"categories":[36],"tags":[],"class_list":["post-9515","post","type-post","status-publish","format-standard","has-post-thumbnail","hentry","category-paraiso-das-aguas"],"_links":{"self":[{"href":"https:\/\/www.ocorreionews.com.br\/acervo-correio\/index.php?rest_route=\/wp\/v2\/posts\/9515","targetHints":{"allow":["GET"]}}],"collection":[{"href":"https:\/\/www.ocorreionews.com.br\/acervo-correio\/index.php?rest_route=\/wp\/v2\/posts"}],"about":[{"href":"https:\/\/www.ocorreionews.com.br\/acervo-correio\/index.php?rest_route=\/wp\/v2\/types\/post"}],"author":[{"embeddable":true,"href":"https:\/\/www.ocorreionews.com.br\/acervo-correio\/index.php?rest_route=\/wp\/v2\/users\/4"}],"replies":[{"embeddable":true,"href":"https:\/\/www.ocorreionews.com.br\/acervo-correio\/index.php?rest_route=%2Fwp%2Fv2%2Fcomments&post=9515"}],"version-history":[{"count":0,"href":"https:\/\/www.ocorreionews.com.br\/acervo-correio\/index.php?rest_route=\/wp\/v2\/posts\/9515\/revisions"}],"wp:featuredmedia":[{"embeddable":true,"href":"https:\/\/www.ocorreionews.com.br\/acervo-correio\/index.php?rest_route=\/wp\/v2\/media\/9519"}],"wp:attachment":[{"href":"https:\/\/www.ocorreionews.com.br\/acervo-correio\/index.php?rest_route=%2Fwp%2Fv2%2Fmedia&parent=9515"}],"wp:term":[{"taxonomy":"category","embeddable":true,"href":"https:\/\/www.ocorreionews.com.br\/acervo-correio\/index.php?rest_route=%2Fwp%2Fv2%2Fcategories&post=9515"},{"taxonomy":"post_tag","embeddable":true,"href":"https:\/\/www.ocorreionews.com.br\/acervo-correio\/index.php?rest_route=%2Fwp%2Fv2%2Ftags&post=9515"}],"curies":[{"name":"wp","href":"https:\/\/api.w.org\/{rel}","templated":true}]}}