{"id":9523,"date":"2015-09-07T19:53:19","date_gmt":"2015-09-07T23:53:19","guid":{"rendered":"https:\/\/ocorreionews.com.br\/?p=9523"},"modified":"2015-09-07T19:53:19","modified_gmt":"2015-09-07T23:53:19","slug":"cassilandense-morre-em-acidente-no-interior-de-sp","status":"publish","type":"post","link":"https:\/\/www.ocorreionews.com.br\/acervo-correio\/?p=9523","title":{"rendered":"Cassilandense morre em acidente no interior de SP"},"content":{"rendered":"<p>A cassilandense La\u00eds Silva, filha da Luisa (irm\u00e3 do Jo\u00e3o Piu &#8211; Casa das Tintas) faleceu por volta das 18h30 de ontem na Rodovia Marechal Rondon. Ela estava residindo em Birigui, Estado de S\u00e3o Paulo. Seu corpo chegou agora pouco em Cassil\u00e2ndia e est\u00e1 sendo velado na Unapaz. O seu sepultamento, sera nesta ter\u00e7a-feira as 08hs00<\/p>\n<p>Confira a mat\u00e9ria p\u00fablicada pelo site de not\u00edcias Folha da Regi\u00e3o:<\/p>\n<p><em>&#8220;Lais Silva de 26 anos morreu por volta das 18h30 de domingo (6) em um acidente no quil\u00f4metro 511 mais 500 metros da rodovia Marechal Rondon. Segundo a Pol\u00edcia Rodovi\u00e1ria, ela seguia no sentido Coroados\/Birigui, teria perdido o controle da dire\u00e7\u00e3o e invadido o canteiro central at\u00e9 a pista contr\u00e1ria, onde seu autom\u00f3vel foi atingido por outro ve\u00edculo que vinha no sentido oposto. Neste ponto, n\u00e3o h\u00e1 guard rail.<\/em><\/p>\n<p><a href=\"https:\/\/ocorreionews.com.br\/wp-content\/uploads\/2015\/09\/lais3.jpg\"><img loading=\"lazy\" decoding=\"async\" class=\"alignnone size-full wp-image-9525\" src=\"https:\/\/ocorreionews.com.br\/wp-content\/uploads\/2015\/09\/lais3.jpg\" alt=\"lais3\" width=\"300\" height=\"198\" \/><\/a><\/p>\n<p><em>A v\u00edtima era a \u00fanica ocupante do carro. No outro ve\u00edculo, havia quatro pessoas, que tiveram ferimentos leves.<\/em><\/p>\n<p><em>Este \u00e9 o segundo acidente que aconteceu na rodovia no mesmo dia, em um intervalo de aproximadamente uma hora. O primeiro aconteceu \u00e0s 17h30 e causou a morte do empres\u00e1rio Fabinho Adas, de Ara\u00e7atuba, quando ele voltava de um encontro de motociclistas em Promiss\u00e3o. (Colaborou Amanda Lino)&#8221;<\/em><\/p>\n","protected":false},"excerpt":{"rendered":"<p>A cassilandense La\u00eds Silva, filha da Luisa (irm\u00e3 do Jo\u00e3o Piu &#8211; Casa das Tintas) faleceu por volta das 18h30 de ontem na Rodovia Marechal Rondon. Ela estava residindo em Birigui, Estado de S\u00e3o Paulo. Seu corpo chegou agora pouco em Cassil\u00e2ndia e est\u00e1 sendo velado na Unapaz. O seu sepultamento, sera nesta ter\u00e7a-feira as [&hellip;]<\/p>\n","protected":false},"author":4,"featured_media":9524,"comment_status":"closed","ping_status":"closed","sticky":false,"template":"","format":"standard","meta":{"footnotes":""},"categories":[38],"tags":[],"class_list":["post-9523","post","type-post","status-publish","format-standard","has-post-thumbnail","hentry","category-policia"],"_links":{"self":[{"href":"https:\/\/www.ocorreionews.com.br\/acervo-correio\/index.php?rest_route=\/wp\/v2\/posts\/9523","targetHints":{"allow":["GET"]}}],"collection":[{"href":"https:\/\/www.ocorreionews.com.br\/acervo-correio\/index.php?rest_route=\/wp\/v2\/posts"}],"about":[{"href":"https:\/\/www.ocorreionews.com.br\/acervo-correio\/index.php?rest_route=\/wp\/v2\/types\/post"}],"author":[{"embeddable":true,"href":"https:\/\/www.ocorreionews.com.br\/acervo-correio\/index.php?rest_route=\/wp\/v2\/users\/4"}],"replies":[{"embeddable":true,"href":"https:\/\/www.ocorreionews.com.br\/acervo-correio\/index.php?rest_route=%2Fwp%2Fv2%2Fcomments&post=9523"}],"version-history":[{"count":0,"href":"https:\/\/www.ocorreionews.com.br\/acervo-correio\/index.php?rest_route=\/wp\/v2\/posts\/9523\/revisions"}],"wp:featuredmedia":[{"embeddable":true,"href":"https:\/\/www.ocorreionews.com.br\/acervo-correio\/index.php?rest_route=\/wp\/v2\/media\/9524"}],"wp:attachment":[{"href":"https:\/\/www.ocorreionews.com.br\/acervo-correio\/index.php?rest_route=%2Fwp%2Fv2%2Fmedia&parent=9523"}],"wp:term":[{"taxonomy":"category","embeddable":true,"href":"https:\/\/www.ocorreionews.com.br\/acervo-correio\/index.php?rest_route=%2Fwp%2Fv2%2Fcategories&post=9523"},{"taxonomy":"post_tag","embeddable":true,"href":"https:\/\/www.ocorreionews.com.br\/acervo-correio\/index.php?rest_route=%2Fwp%2Fv2%2Ftags&post=9523"}],"curies":[{"name":"wp","href":"https:\/\/api.w.org\/{rel}","templated":true}]}}