{"id":9532,"date":"2015-09-08T10:07:24","date_gmt":"2015-09-08T14:07:24","guid":{"rendered":"https:\/\/ocorreionews.com.br\/?p=9532"},"modified":"2015-09-08T13:01:06","modified_gmt":"2015-09-08T17:01:06","slug":"atencao-incendio-de-grandes-proporcoes-esta-agora-no-fundo-da-kasper-com-a-iaco","status":"publish","type":"post","link":"https:\/\/www.ocorreionews.com.br\/acervo-correio\/?p=9532","title":{"rendered":"Aten\u00e7\u00e3o: Inc\u00eandio de grandes propor\u00e7\u00f5es est\u00e1 ocorrendo agora no fundo da Kasper com a IACO"},"content":{"rendered":"<p style=\"text-align: justify;\">A nossa reportagem acaba de receber um comunicado, que um inc\u00eandio praticamente incontrol\u00e1vel, est\u00e1 ocorrendo neste momento entre as fazendas Kasper e IACO.<\/p>\n<p style=\"text-align: justify;\">O forte vento de mais de 60 km por hora, dificulta o controle, onde as chamas atravessam pastagem, canaviais e at\u00e9 mesmo rodovia.<\/p>\n<p style=\"text-align: justify;\">Nesse momento uma grande for\u00e7a tarefa composto por caminh\u00f5es pipa, pulverizadores, caminh\u00f5es das brigadas de inc\u00eandios das usinas IACO, Cerradinho e Odebrecht, al\u00e9m de patrolas, encontra-se no local, tentando conter o sinistro que teve in\u00edcio na noite de ontem.<\/p>\n<p style=\"text-align: justify;\">Mat\u00e9ria editada para mais acr\u00e9scimo de informa\u00e7\u00f5es.<\/p>\n<p style=\"text-align: justify;\">foto enviada pelo WhatsApp<\/p>\n<p><span style=\"color: #ff0000;\"><em><strong>WhatsApp: fale com os jornalistas do O Correio News O leitor enviou as imagens pelo WhatsApp da reda\u00e7\u00e3o, no n\u00famero (67) 8419-7285. O canal de comunica\u00e7\u00e3o serve para os leitores falarem diretamente com os jornalistas do O Correio News. Flagrantes inusitados, den\u00fancias, reclama\u00e7\u00f5es e sugest\u00f5es podem ser enviados com total anonimato garantido pela lei.<\/strong><\/em><\/span><\/p>\n<p style=\"text-align: justify;\">\n","protected":false},"excerpt":{"rendered":"<p>A nossa reportagem acaba de receber um comunicado, que um inc\u00eandio praticamente incontrol\u00e1vel, est\u00e1 ocorrendo neste momento entre as fazendas Kasper e IACO. O forte vento de mais de 60 km por hora, dificulta o controle, onde as chamas atravessam pastagem, canaviais e at\u00e9 mesmo rodovia. Nesse momento uma grande for\u00e7a tarefa composto por caminh\u00f5es [&hellip;]<\/p>\n","protected":false},"author":4,"featured_media":9533,"comment_status":"closed","ping_status":"closed","sticky":false,"template":"","format":"standard","meta":{"footnotes":""},"categories":[23],"tags":[],"class_list":["post-9532","post","type-post","status-publish","format-standard","has-post-thumbnail","hentry","category-chapadao-do-sul"],"_links":{"self":[{"href":"https:\/\/www.ocorreionews.com.br\/acervo-correio\/index.php?rest_route=\/wp\/v2\/posts\/9532","targetHints":{"allow":["GET"]}}],"collection":[{"href":"https:\/\/www.ocorreionews.com.br\/acervo-correio\/index.php?rest_route=\/wp\/v2\/posts"}],"about":[{"href":"https:\/\/www.ocorreionews.com.br\/acervo-correio\/index.php?rest_route=\/wp\/v2\/types\/post"}],"author":[{"embeddable":true,"href":"https:\/\/www.ocorreionews.com.br\/acervo-correio\/index.php?rest_route=\/wp\/v2\/users\/4"}],"replies":[{"embeddable":true,"href":"https:\/\/www.ocorreionews.com.br\/acervo-correio\/index.php?rest_route=%2Fwp%2Fv2%2Fcomments&post=9532"}],"version-history":[{"count":0,"href":"https:\/\/www.ocorreionews.com.br\/acervo-correio\/index.php?rest_route=\/wp\/v2\/posts\/9532\/revisions"}],"wp:featuredmedia":[{"embeddable":true,"href":"https:\/\/www.ocorreionews.com.br\/acervo-correio\/index.php?rest_route=\/wp\/v2\/media\/9533"}],"wp:attachment":[{"href":"https:\/\/www.ocorreionews.com.br\/acervo-correio\/index.php?rest_route=%2Fwp%2Fv2%2Fmedia&parent=9532"}],"wp:term":[{"taxonomy":"category","embeddable":true,"href":"https:\/\/www.ocorreionews.com.br\/acervo-correio\/index.php?rest_route=%2Fwp%2Fv2%2Fcategories&post=9532"},{"taxonomy":"post_tag","embeddable":true,"href":"https:\/\/www.ocorreionews.com.br\/acervo-correio\/index.php?rest_route=%2Fwp%2Fv2%2Ftags&post=9532"}],"curies":[{"name":"wp","href":"https:\/\/api.w.org\/{rel}","templated":true}]}}