{"id":9539,"date":"2015-09-08T10:41:08","date_gmt":"2015-09-08T14:41:08","guid":{"rendered":"https:\/\/ocorreionews.com.br\/?p=9539"},"modified":"2015-09-08T11:00:07","modified_gmt":"2015-09-08T15:00:07","slug":"comeca-nesta-sexta-feira-11-a-semana-farroupilha-em-chapadao-do-sul","status":"publish","type":"post","link":"https:\/\/www.ocorreionews.com.br\/acervo-correio\/?p=9539","title":{"rendered":"Come\u00e7a nesta sexta-feira 11 a semana farroupilha em Chapad\u00e3o do Sul"},"content":{"rendered":"<p>O CTG Cultivando a Tradi\u00e7\u00e3o de Chapad\u00e3o do Sul, realiza a sua 29\u00aa Semana Farroupilha, com in\u00edcio nesta sexta-feira dia 11, com o Jantar costelinha de porco, acompanhada de mandioca, polenta, arroz e salada.<\/p>\n<p>A Semana Farroupilha deste ano, homenagear\u00e1 dois ex- patr\u00f5es. O primeiro patr\u00e3o Ari Nunes e fam\u00edlia e o terceiro patr\u00e3o, Jo\u00e3o Tontini e fam\u00edlia.<\/p>\n<p>A abertura oficial da Semana Farroupilha, ser\u00e1 no dia 13 domingo, por voltas das 09hs00 (BR) com o acendimento da Chama Crioula, na casa do homenageado Jo\u00e3o Tontini, de onde ela seguira pelas ruas da cidade at\u00e9 o Galp\u00e3o Crioulo, onde haver\u00e1 a cerim\u00f4nia de abertura com a presen\u00e7a de autoridades e popula\u00e7\u00e3o, inaugura\u00e7\u00e3o do busto do patrono do CTG, J\u00falio Alves Martins e entrega das faixas as Prendas e Pe\u00f5es, vencedores do concurso e na sequencia\u00a0 um grande churrasco.<\/p>\n<p>Este ano o CTG contratou dois trovadores, Jadir Oliveira e Jadir Oliveira Filho, que v\u00e3o estar presentes, nos dias 18 a 20, durante a realiza\u00e7\u00e3o dos jantares e do churrasco de encerramento da semana.<\/p>\n<p><a href=\"https:\/\/ocorreionews.com.br\/wp-content\/uploads\/2015\/09\/jadir-filho.jpg\"><img loading=\"lazy\" decoding=\"async\" class=\"alignnone size-full wp-image-9541\" src=\"https:\/\/ocorreionews.com.br\/wp-content\/uploads\/2015\/09\/jadir-filho.jpg\" alt=\"jadir filho\" width=\"606\" height=\"400\" srcset=\"https:\/\/www.ocorreionews.com.br\/acervo-correio\/wp-content\/uploads\/2015\/09\/jadir-filho.jpg 606w, https:\/\/www.ocorreionews.com.br\/acervo-correio\/wp-content\/uploads\/2015\/09\/jadir-filho-300x198.jpg 300w\" sizes=\"auto, (max-width: 606px) 100vw, 606px\" \/><\/a><\/p>\n<p>Confira os pratos da semana:<\/p>\n<p><strong>Card\u00e1pio<\/strong><\/p>\n<p><span style=\"color: #339966;\"><strong>Dia 11 \u2013 sexta-feira \u2013 Costelinha de Porco com mandioca e arroz<\/strong><\/span><\/p>\n<p><span style=\"color: #339966;\"><strong>Dia 12 \u2013 s\u00e1bado (almo\u00e7o) Caldeirada de Ovelha<\/strong><\/span><\/p>\n<p><span style=\"color: #339966;\"><strong>Dia 13 \u2013 domingo \u2013 Churrasco ga\u00facho<\/strong><\/span><\/p>\n<p><span style=\"color: #339966;\"><strong>Dia 14 \u2013 segunda-feira \u2013 Dobradinha<\/strong><\/span><\/p>\n<p><span style=\"color: #339966;\"><strong>Dia 15 \u2013 ter\u00e7a-feira \u2013 Rabada<\/strong><\/span><\/p>\n<p><span style=\"color: #339966;\"><strong>Dia 16- quarta-feira \u2013 Frango Caipira<\/strong><\/span><\/p>\n<p><span style=\"color: #339966;\"><strong>Dia 17- quinta-feira \u2013 Carreteiro<\/strong><\/span><\/p>\n<p><span style=\"color: #339966;\"><strong>Dia 18 \u2013 sexta-feira \u2013 Frango com Gueroba<\/strong><\/span><\/p>\n<p><span style=\"color: #339966;\"><strong>Dia 19- s\u00e1bado \u2013 Feijoada<\/strong><\/span><\/p>\n<p><span style=\"color: #339966;\"><strong>Dia 20 \u2013 Costel\u00e3o e Cupim<\/strong><\/span><\/p>\n<p><span style=\"color: #339966;\"><strong>Os pratos ter\u00e3o acompanhamento de Arroz e salada<\/strong><\/span><\/p>\n<p><span style=\"color: #0000ff;\"><strong>Obs; Levar pratos e talheres<\/strong><\/span><\/p>\n","protected":false},"excerpt":{"rendered":"<p>O CTG Cultivando a Tradi\u00e7\u00e3o de Chapad\u00e3o do Sul, realiza a sua 29\u00aa Semana Farroupilha, com in\u00edcio nesta sexta-feira dia 11, com o Jantar costelinha de porco, acompanhada de mandioca, polenta, arroz e salada. A Semana Farroupilha deste ano, homenagear\u00e1 dois ex- patr\u00f5es. O primeiro patr\u00e3o Ari Nunes e fam\u00edlia e o terceiro patr\u00e3o, Jo\u00e3o [&hellip;]<\/p>\n","protected":false},"author":4,"featured_media":9540,"comment_status":"closed","ping_status":"closed","sticky":false,"template":"","format":"standard","meta":{"footnotes":""},"categories":[23],"tags":[],"class_list":["post-9539","post","type-post","status-publish","format-standard","has-post-thumbnail","hentry","category-chapadao-do-sul"],"_links":{"self":[{"href":"https:\/\/www.ocorreionews.com.br\/acervo-correio\/index.php?rest_route=\/wp\/v2\/posts\/9539","targetHints":{"allow":["GET"]}}],"collection":[{"href":"https:\/\/www.ocorreionews.com.br\/acervo-correio\/index.php?rest_route=\/wp\/v2\/posts"}],"about":[{"href":"https:\/\/www.ocorreionews.com.br\/acervo-correio\/index.php?rest_route=\/wp\/v2\/types\/post"}],"author":[{"embeddable":true,"href":"https:\/\/www.ocorreionews.com.br\/acervo-correio\/index.php?rest_route=\/wp\/v2\/users\/4"}],"replies":[{"embeddable":true,"href":"https:\/\/www.ocorreionews.com.br\/acervo-correio\/index.php?rest_route=%2Fwp%2Fv2%2Fcomments&post=9539"}],"version-history":[{"count":0,"href":"https:\/\/www.ocorreionews.com.br\/acervo-correio\/index.php?rest_route=\/wp\/v2\/posts\/9539\/revisions"}],"wp:featuredmedia":[{"embeddable":true,"href":"https:\/\/www.ocorreionews.com.br\/acervo-correio\/index.php?rest_route=\/wp\/v2\/media\/9540"}],"wp:attachment":[{"href":"https:\/\/www.ocorreionews.com.br\/acervo-correio\/index.php?rest_route=%2Fwp%2Fv2%2Fmedia&parent=9539"}],"wp:term":[{"taxonomy":"category","embeddable":true,"href":"https:\/\/www.ocorreionews.com.br\/acervo-correio\/index.php?rest_route=%2Fwp%2Fv2%2Fcategories&post=9539"},{"taxonomy":"post_tag","embeddable":true,"href":"https:\/\/www.ocorreionews.com.br\/acervo-correio\/index.php?rest_route=%2Fwp%2Fv2%2Ftags&post=9539"}],"curies":[{"name":"wp","href":"https:\/\/api.w.org\/{rel}","templated":true}]}}