{"id":9547,"date":"2015-09-08T11:58:28","date_gmt":"2015-09-08T15:58:28","guid":{"rendered":"https:\/\/ocorreionews.com.br\/?p=9547"},"modified":"2015-09-08T11:58:28","modified_gmt":"2015-09-08T15:58:28","slug":"pauta-da-1075a-sessao-ordinaria-do-dia-08-de-setembro-terca-feira","status":"publish","type":"post","link":"https:\/\/www.ocorreionews.com.br\/acervo-correio\/?p=9547","title":{"rendered":"Pauta da 1075\u00aa Sess\u00e3o Ordin\u00e1ria do dia 08 de setembro Ter\u00e7a Feira"},"content":{"rendered":"<p><strong>EXPEDIENTE DE VEREADORES<br \/>\n<\/strong><\/p>\n<p><strong>REQUERIMENTO N\u00ba 299\/2015 \u2013 VER. T\u00c2NIA FRANCINI<\/strong><\/p>\n<p>REQUEIRO \u00e0 Mesa, na forma regimental e depois de ouvido o Douto Plen\u00e1rio de Delibera\u00e7\u00f5es, o envio de expediente ao Prefeito Municipal Luiz Felipe Barreto de Magalh\u00e3es, solicitando que encaminhe a esta Casa de Leis, c\u00f3pia da Resposta encaminhada ao Minist\u00e9rio P\u00fablico, referente \u00e0 representa\u00e7\u00e3o apresentada pela Empresa PRODATA INFORM\u00c1TICA LTDA, contra o prosseguimento do Preg\u00e3o Presencial decorrente do Edital de Licita\u00e7\u00e3o n\u00ba 117\/2015, da Prefeitura Municipal de Chapad\u00e3o do Sul \u2013 MS.<\/p>\n<p><strong>\u00a0<\/strong><\/p>\n<p><strong>REQUERIMENTO N\u00ba 300\/2015 \u2013 VER. S\u00d4NIA MARAN<\/strong><\/p>\n<p>REQUEIRO \u00e0 Mesa, na forma regimental e depois de ouvido o Douto Plen\u00e1rio de Delibera\u00e7\u00f5es, o envio de expediente ao Prefeito Municipal Luiz Felipe Barreto de Magalh\u00e3es, solicitando que seja encaminhado a esta Casa de Leis, os seguintes documentos:<\/p>\n<p>&nbsp;<\/p>\n<p>1 \u2013 C\u00f3pias dos pagamentos efetuados a empresa respons\u00e1vel pelo conserto do Arco Cir\u00fargico (Intensificador de Imagens), bem como, seu laudo t\u00e9cnico;<\/p>\n<p>2 \u2013 C\u00f3pias dos pagamentos efetuados a empresa respons\u00e1vel pelo conserto da Autoclave, bem como, seu laudo t\u00e9cnico;<\/p>\n<p>3 \u2013 Por fim, solicito ainda, que seja encaminhada c\u00f3pia dos empenhos e dos pagamentos efetuados a Empresa Bioest\u00e9ril, referentes \u00e0 esteriliza\u00e7\u00e3o das Furadeiras \u00d3ssea, at\u00e9 o prazo final da resposta deste Requerimento.<\/p>\n<p><strong>\u00a0REQUERIMENTO N\u00ba 301\/2015 \u2013 VER. ELTON SILVA<\/strong><\/p>\n<p>REQUEIRO \u00e0 Mesa, na forma regimental e depois de ouvido o Douto Plen\u00e1rio de Delibera\u00e7\u00f5es, o envio de expediente ao Presidente do Sindicato Rural de Chapad\u00e3o do Sul, Rudimar Artur Borgelt, solicitando que encaminhe a esta Casa de Leis a presta\u00e7\u00e3o de contas do recurso municipal recebido por esta Entidade, atrav\u00e9s de Subven\u00e7\u00e3o, neste exerc\u00edcio financeiro.<\/p>\n<p><strong>INDICA\u00c7\u00c3O N\u00ba 619\/2015 \u2013 VER. ROSEMARI CRUZ<\/strong><\/p>\n<p>INDICO \u00e0 Mesa, na forma regimental, e depois de ouvido o Douto Plen\u00e1rio de Delibera\u00e7\u00f5es, o envio de expediente ao Prefeito Municipal, Luiz Felipe Barreto de Magalh\u00e3es, solicitando a instala\u00e7\u00e3o de Academia ao Ar Livre no Assentamento Aroeira.<\/p>\n<p><strong>INDICA\u00c7\u00c3O N\u00ba 620\/2015 \u2013 VER. ROSEMARI CRUZ<\/strong><\/p>\n<p>INDICO \u00e0 Mesa, na forma regimental, e depois de ouvido o Douto Plen\u00e1rio de Delibera\u00e7\u00f5es, o envio de expediente ao Prefeito Municipal, Luiz Felipe Barreto de Magalh\u00e3es, com c\u00f3pia \u00e0 Secret\u00e1ria do SEDEMA, Alessandra Conforte Silva, no sentido de que promovam jardinagem e arboriza\u00e7\u00e3o nas Avenidas do Bairro Planalto.<\/p>\n<p><strong>INDICA\u00c7\u00c3O N\u00ba 621\/2015 \u2013 VER. ROSEMARI CRUZ e VER. TEACHER WAGNER<\/strong><\/p>\n<p>INDICO \u00e0 Mesa, na forma regimental, e depois de ouvido o Douto Plen\u00e1rio de Delibera\u00e7\u00f5es, o envio de expediente ao Prefeito Municipal, Luiz Felipe Barreto de Magalh\u00e3es, solicitando a amplia\u00e7\u00e3o do Parque Infantil localizado na Pra\u00e7a de Eventos, bem como, que seja constru\u00eddo um novo Parquinho para que haja uma separa\u00e7\u00e3o por faixa et\u00e1ria.<\/p>\n<p><strong>INDICA\u00c7\u00c3O N\u00ba 622\/2015 \u2013 VER. ALIRIO BACCA<\/strong><\/p>\n<p>INDICO \u00e0 Mesa, na forma regimental, e depois de ouvido o Douto Plen\u00e1rio de Delibera\u00e7\u00f5es, o envio de expediente ao Prefeito Municipal, Luiz Felipe Barreto de Magalh\u00e3es, com c\u00f3pia a Secret\u00e1ria SEDEMA, Alessandra Cristina Conforte Silva, solicitando aten\u00e7\u00e3o especial para com o Viveiro Municipal, disponibilizando um n\u00famero maior de funcion\u00e1rios, bem como, materiais, utens\u00edlios e ferramentas, para que possam prestar um servi\u00e7o de qualidade.<\/p>\n<p><strong>INDICA\u00c7\u00c3O N\u00ba 623\/2015 \u2013 VER. ALIRIO BACCA<\/strong><\/p>\n<p>INDICO \u00e0 Mesa, na forma regimental, e depois de ouvido o Douto Plen\u00e1rio de Delibera\u00e7\u00f5es, o envio de expediente ao Prefeito Municipal, Luiz Felipe Barreto de Magalh\u00e3es, com c\u00f3pia a Secret\u00e1ria SEDEMA, Alessandra Cristina Conforte Silva, solicitando que promovam o melhoramento da Horta Municipal, com a disponibiliza\u00e7\u00e3o de mais funcion\u00e1rios e equipamentos de trabalho.<strong><br \/>\n<\/strong><\/p>\n<p align=\"center\"><strong>MENSAGEM DO EXECUTIVO<\/strong><\/p>\n<p>&#8211; Mensagem n\u00ba 036\/2015. Encaminha <strong>Projeto de Lei n\u00ba 146\/2015<\/strong>. Executivo que: \u201cEstima a Receita e Fixa a Despesa do Munic\u00edpio de Chapad\u00e3o do Sul\/ MS, para o exerc\u00edcio de 2016, e d\u00e1 outras provid\u00eancias\u201d.<\/p>\n<p>&#8211; Mensagem n\u00ba 038\/2015. Encaminha Projeto de Lei n\u00ba 147\/2015. Executivo que: \u201cInstitui o Programa de Recupera\u00e7\u00e3o Fiscal \u2013 REFIS, relativo aos d\u00e9bitos fiscais de pessoas f\u00edsicas e jur\u00eddicas com o Fisco Municipal, e d\u00e1 outras provid\u00eancias\u201d.<strong><br \/>\n<\/strong><\/p>\n<p align=\"center\">SECRETARIA DAS SESS\u00d5ES, 04 DE SETEMBRO DE 2015.<\/p>\n<p align=\"center\">Jacqueline C. Tomiazzi Belotti,<\/p>\n<p align=\"center\">Coordenadora de Atividades Legislativa.<\/p>\n<p>&nbsp;<\/p>\n","protected":false},"excerpt":{"rendered":"<p>EXPEDIENTE DE VEREADORES REQUERIMENTO N\u00ba 299\/2015 \u2013 VER. T\u00c2NIA FRANCINI REQUEIRO \u00e0 Mesa, na forma regimental e depois de ouvido o Douto Plen\u00e1rio de Delibera\u00e7\u00f5es, o envio de expediente ao Prefeito Municipal Luiz Felipe Barreto de Magalh\u00e3es, solicitando que encaminhe a esta Casa de Leis, c\u00f3pia da Resposta encaminhada ao Minist\u00e9rio P\u00fablico, referente \u00e0 representa\u00e7\u00e3o [&hellip;]<\/p>\n","protected":false},"author":4,"featured_media":5993,"comment_status":"closed","ping_status":"closed","sticky":false,"template":"","format":"standard","meta":{"footnotes":""},"categories":[20],"tags":[],"class_list":["post-9547","post","type-post","status-publish","format-standard","has-post-thumbnail","hentry","category-camara-municipal"],"_links":{"self":[{"href":"https:\/\/www.ocorreionews.com.br\/acervo-correio\/index.php?rest_route=\/wp\/v2\/posts\/9547","targetHints":{"allow":["GET"]}}],"collection":[{"href":"https:\/\/www.ocorreionews.com.br\/acervo-correio\/index.php?rest_route=\/wp\/v2\/posts"}],"about":[{"href":"https:\/\/www.ocorreionews.com.br\/acervo-correio\/index.php?rest_route=\/wp\/v2\/types\/post"}],"author":[{"embeddable":true,"href":"https:\/\/www.ocorreionews.com.br\/acervo-correio\/index.php?rest_route=\/wp\/v2\/users\/4"}],"replies":[{"embeddable":true,"href":"https:\/\/www.ocorreionews.com.br\/acervo-correio\/index.php?rest_route=%2Fwp%2Fv2%2Fcomments&post=9547"}],"version-history":[{"count":0,"href":"https:\/\/www.ocorreionews.com.br\/acervo-correio\/index.php?rest_route=\/wp\/v2\/posts\/9547\/revisions"}],"wp:featuredmedia":[{"embeddable":true,"href":"https:\/\/www.ocorreionews.com.br\/acervo-correio\/index.php?rest_route=\/wp\/v2\/media\/5993"}],"wp:attachment":[{"href":"https:\/\/www.ocorreionews.com.br\/acervo-correio\/index.php?rest_route=%2Fwp%2Fv2%2Fmedia&parent=9547"}],"wp:term":[{"taxonomy":"category","embeddable":true,"href":"https:\/\/www.ocorreionews.com.br\/acervo-correio\/index.php?rest_route=%2Fwp%2Fv2%2Fcategories&post=9547"},{"taxonomy":"post_tag","embeddable":true,"href":"https:\/\/www.ocorreionews.com.br\/acervo-correio\/index.php?rest_route=%2Fwp%2Fv2%2Ftags&post=9547"}],"curies":[{"name":"wp","href":"https:\/\/api.w.org\/{rel}","templated":true}]}}