{"id":9549,"date":"2015-09-08T12:44:58","date_gmt":"2015-09-08T16:44:58","guid":{"rendered":"https:\/\/ocorreionews.com.br\/?p=9549"},"modified":"2015-09-08T12:44:58","modified_gmt":"2015-09-08T16:44:58","slug":"de-olho-no-futuro-e-nas-condicoes-climaticas-saae-de-costa-rica-constroi-mais-2-reservatorios-de-agua","status":"publish","type":"post","link":"https:\/\/www.ocorreionews.com.br\/acervo-correio\/?p=9549","title":{"rendered":"De olho no futuro e nas condi\u00e7\u00f5es clim\u00e1ticas, SAAE de Costa Rica constr\u00f3i mais 2 reservat\u00f3rios de \u00e1gua"},"content":{"rendered":"<div class=\"marginBottom30px link-Internas\">\n<p>O Governo de Costa Rica \u2013 MS por meio do SAAE \u2013 Servi\u00e7o Municipal de \u00c1gua e Esgoto &#8211; iniciou neste segundo semestre do ano a constru\u00e7\u00e3o de mais dois reservat\u00f3rios para armazenamento de \u00e1gua para a popula\u00e7\u00e3o.<\/p>\n<p>Conforme o diretor do SAAE, Ant\u00f4nio Divino F\u00e9lix \u2018Tonin F\u00e9lix\u2019, ambos os reservat\u00f3rios j\u00e1 est\u00e3o licitados e em fase de constru\u00e7\u00e3o com previs\u00e3o de termino da obra nos pr\u00f3ximos 120 dias perfazendo um investimento de aproximadamente, R$ 600.000,00.<\/p>\n<p>\u201cOs reservat\u00f3rios v\u00e3o funcionar como um verdadeiro \u2018pulm\u00e3o\u2019 para a cidade, que compreende uma popula\u00e7\u00e3o de mais de 20 mil habitantes. Com as caixas em funcionamento, podemos dizer que o abastecimento de \u00e1gua nessas localidades est\u00e1 garantido, mesmo em hor\u00e1rios de pico\u201d, afirma Tonin F\u00e9lix.<\/p>\n<p>O primeiro reservat\u00f3rio com capacidade de 545 mil litros est\u00e1 localizado na Rua Marechal Floriano Peixoto, acima da FHCR \u2013 Funda\u00e7\u00e3o Hospitalar de Costa Rica \u2013 e ir\u00e1 atender os bairros: Vila Santana, Vila Alvorada, Vila Nunes, Jardim Barbosa, Jardim Liberdade, Sonho Meu II, e grande parte do centro da cidade atingindo cerca de 25% da popula\u00e7\u00e3o.<\/p>\n<p>A outra caixa de 160 mil litros est\u00e1 sendo constru\u00edda no Jardim Flor do Campo, e tamb\u00e9m atender\u00e1 os bairros Jardim dos P\u00e1ssaros, Flor do Serrado e Jardim Imbiruss\u00fa e Eldorado I e II. \u201cA \u00e1gua que voc\u00ea consome e paga, retornando em investimento para voc\u00ea. E lembre-se: \u00e1gua se economizar n\u00e3o vai faltar\u201d, enfatiza o diretor do SAAE.<\/p>\n<\/div>\n<div class=\"marginBottom30px link-Internas\">ASSECOM\/PMCR<\/div>\n","protected":false},"excerpt":{"rendered":"<p>O Governo de Costa Rica \u2013 MS por meio do SAAE \u2013 Servi\u00e7o Municipal de \u00c1gua e Esgoto &#8211; iniciou neste segundo semestre do ano a constru\u00e7\u00e3o de mais dois reservat\u00f3rios para armazenamento de \u00e1gua para a popula\u00e7\u00e3o. Conforme o diretor do SAAE, Ant\u00f4nio Divino F\u00e9lix \u2018Tonin F\u00e9lix\u2019, ambos os reservat\u00f3rios j\u00e1 est\u00e3o licitados e [&hellip;]<\/p>\n","protected":false},"author":4,"featured_media":9550,"comment_status":"closed","ping_status":"closed","sticky":false,"template":"","format":"standard","meta":{"footnotes":""},"categories":[25],"tags":[],"class_list":["post-9549","post","type-post","status-publish","format-standard","has-post-thumbnail","hentry","category-costa-rica"],"_links":{"self":[{"href":"https:\/\/www.ocorreionews.com.br\/acervo-correio\/index.php?rest_route=\/wp\/v2\/posts\/9549","targetHints":{"allow":["GET"]}}],"collection":[{"href":"https:\/\/www.ocorreionews.com.br\/acervo-correio\/index.php?rest_route=\/wp\/v2\/posts"}],"about":[{"href":"https:\/\/www.ocorreionews.com.br\/acervo-correio\/index.php?rest_route=\/wp\/v2\/types\/post"}],"author":[{"embeddable":true,"href":"https:\/\/www.ocorreionews.com.br\/acervo-correio\/index.php?rest_route=\/wp\/v2\/users\/4"}],"replies":[{"embeddable":true,"href":"https:\/\/www.ocorreionews.com.br\/acervo-correio\/index.php?rest_route=%2Fwp%2Fv2%2Fcomments&post=9549"}],"version-history":[{"count":0,"href":"https:\/\/www.ocorreionews.com.br\/acervo-correio\/index.php?rest_route=\/wp\/v2\/posts\/9549\/revisions"}],"wp:featuredmedia":[{"embeddable":true,"href":"https:\/\/www.ocorreionews.com.br\/acervo-correio\/index.php?rest_route=\/wp\/v2\/media\/9550"}],"wp:attachment":[{"href":"https:\/\/www.ocorreionews.com.br\/acervo-correio\/index.php?rest_route=%2Fwp%2Fv2%2Fmedia&parent=9549"}],"wp:term":[{"taxonomy":"category","embeddable":true,"href":"https:\/\/www.ocorreionews.com.br\/acervo-correio\/index.php?rest_route=%2Fwp%2Fv2%2Fcategories&post=9549"},{"taxonomy":"post_tag","embeddable":true,"href":"https:\/\/www.ocorreionews.com.br\/acervo-correio\/index.php?rest_route=%2Fwp%2Fv2%2Ftags&post=9549"}],"curies":[{"name":"wp","href":"https:\/\/api.w.org\/{rel}","templated":true}]}}