{"id":9552,"date":"2015-09-08T13:00:26","date_gmt":"2015-09-08T17:00:26","guid":{"rendered":"https:\/\/ocorreionews.com.br\/?p=9552"},"modified":"2015-09-08T13:00:26","modified_gmt":"2015-09-08T17:00:26","slug":"incendio-destrui-6-mil-hectares-de-cana-pastagem-e-palhadas-em-chapadao-do-sul-e-paraiso-das-aguas","status":"publish","type":"post","link":"https:\/\/www.ocorreionews.com.br\/acervo-correio\/?p=9552","title":{"rendered":"Inc\u00eandio destru\u00ed 6 mil hectares de cana, pastagem e palhadas em Chapad\u00e3o do Sul e Paraiso das Aguas"},"content":{"rendered":"<p>Agora \u00e9 oficial, o grande inc\u00eandio ocorrido ontem em Chapad\u00e3o do Sul, que teve in\u00edcio por volta das 12horas e somente foi controlado as 23horas, consumiu 6 mil hectares de cana, palhadas e pastagem em diversas \u00e1reas em propriedades, que ficam na regi\u00e3o da IACO e Kasper.<\/p>\n<p>As propriedades atingidas foram: da IACO (1,5 mil hectares), fazendas S\u00e3o Roque (700 ha), Bianchessi ( \u00e1rea afetada est\u00e1 sendo calculada) e Kasper (500 ha).<\/p>\n<p><a href=\"https:\/\/ocorreionews.com.br\/wp-content\/uploads\/2015\/09\/incendio-iaco2.jpg\"><img loading=\"lazy\" decoding=\"async\" class=\"alignnone size-full wp-image-9553\" src=\"https:\/\/ocorreionews.com.br\/wp-content\/uploads\/2015\/09\/incendio-iaco2.jpg\" alt=\"incendio iaco2\" width=\"448\" height=\"459\" srcset=\"https:\/\/www.ocorreionews.com.br\/acervo-correio\/wp-content\/uploads\/2015\/09\/incendio-iaco2.jpg 448w, https:\/\/www.ocorreionews.com.br\/acervo-correio\/wp-content\/uploads\/2015\/09\/incendio-iaco2-293x300.jpg 293w\" sizes=\"auto, (max-width: 448px) 100vw, 448px\" \/><\/a><\/p>\n<p>Para controlar o fogo foram utilizados as brigadas de inc\u00eandios das usinas, IACO, Cerradinho-Bio, Odebrecht, al\u00e9m de funcion\u00e1rios das fazendas.<\/p>\n<p>A grande dificuldade dos brigadista foi o forte vento, que chegou a 80 km por hora. Alastrando o sinistro, que ultrapassou rodovias como BR 060 e a MS 425.<\/p>\n<p>(<strong>FOTOS soldado Elieber &#8211; Corpo de Bombeiros de Chapad\u00e3o do Sul<\/strong>)<\/p>\n","protected":false},"excerpt":{"rendered":"<p>Agora \u00e9 oficial, o grande inc\u00eandio ocorrido ontem em Chapad\u00e3o do Sul, que teve in\u00edcio por volta das 12horas e somente foi controlado as 23horas, consumiu 6 mil hectares de cana, palhadas e pastagem em diversas \u00e1reas em propriedades, que ficam na regi\u00e3o da IACO e Kasper. As propriedades atingidas foram: da IACO (1,5 mil [&hellip;]<\/p>\n","protected":false},"author":4,"featured_media":9554,"comment_status":"closed","ping_status":"closed","sticky":false,"template":"","format":"standard","meta":{"footnotes":""},"categories":[23],"tags":[],"class_list":["post-9552","post","type-post","status-publish","format-standard","has-post-thumbnail","hentry","category-chapadao-do-sul"],"_links":{"self":[{"href":"https:\/\/www.ocorreionews.com.br\/acervo-correio\/index.php?rest_route=\/wp\/v2\/posts\/9552","targetHints":{"allow":["GET"]}}],"collection":[{"href":"https:\/\/www.ocorreionews.com.br\/acervo-correio\/index.php?rest_route=\/wp\/v2\/posts"}],"about":[{"href":"https:\/\/www.ocorreionews.com.br\/acervo-correio\/index.php?rest_route=\/wp\/v2\/types\/post"}],"author":[{"embeddable":true,"href":"https:\/\/www.ocorreionews.com.br\/acervo-correio\/index.php?rest_route=\/wp\/v2\/users\/4"}],"replies":[{"embeddable":true,"href":"https:\/\/www.ocorreionews.com.br\/acervo-correio\/index.php?rest_route=%2Fwp%2Fv2%2Fcomments&post=9552"}],"version-history":[{"count":0,"href":"https:\/\/www.ocorreionews.com.br\/acervo-correio\/index.php?rest_route=\/wp\/v2\/posts\/9552\/revisions"}],"wp:featuredmedia":[{"embeddable":true,"href":"https:\/\/www.ocorreionews.com.br\/acervo-correio\/index.php?rest_route=\/wp\/v2\/media\/9554"}],"wp:attachment":[{"href":"https:\/\/www.ocorreionews.com.br\/acervo-correio\/index.php?rest_route=%2Fwp%2Fv2%2Fmedia&parent=9552"}],"wp:term":[{"taxonomy":"category","embeddable":true,"href":"https:\/\/www.ocorreionews.com.br\/acervo-correio\/index.php?rest_route=%2Fwp%2Fv2%2Fcategories&post=9552"},{"taxonomy":"post_tag","embeddable":true,"href":"https:\/\/www.ocorreionews.com.br\/acervo-correio\/index.php?rest_route=%2Fwp%2Fv2%2Ftags&post=9552"}],"curies":[{"name":"wp","href":"https:\/\/api.w.org\/{rel}","templated":true}]}}