{"id":9590,"date":"2015-09-09T09:12:51","date_gmt":"2015-09-09T13:12:51","guid":{"rendered":"https:\/\/ocorreionews.com.br\/?p=9590"},"modified":"2015-09-09T09:35:47","modified_gmt":"2015-09-09T13:35:47","slug":"lucas-ganhou-o-1o-colo-da-mae-apos-mobilizar-mais-de-200-doadores-de-sangue","status":"publish","type":"post","link":"https:\/\/www.ocorreionews.com.br\/acervo-correio\/?p=9590","title":{"rendered":"Lucas ganhou o 1\u00ba colo da m\u00e3e, ap\u00f3s mobilizar mais de 200 doadores de sangue"},"content":{"rendered":"<p>De um hospital para outro. De paciente para m\u00e3e. Lucas ganhou o colo de Beatriz pela primeira vez 17 dias depois de nascer. Na \u00faltima sexta-feira, a m\u00e9dica que despertou carinho e solidariedade ao precisar de doa\u00e7\u00e3o de sangue, teve alta e foi ver o pequeno. Lucas \u00e9 o primeiro filho dela e do marido Benedito.<\/p>\n<p>A fotografia foi uma selfie tirada nesse final de semana. O registro n\u00e3o \u00e9 do primeiro colo, porque logo na sexta, os pais entraram na UTI da Maternidade C\u00e2ndido Mariano, onde o beb\u00ea est\u00e1 internado, mas os celulares ficaram para fora. Por exig\u00eancias do hospital, a emo\u00e7\u00e3o est\u00e1 restrita apenas \u00e0 mem\u00f3ria do pai.<\/p>\n<p>&#8220;Levei ela para ver o beb\u00ea na sexta-feira \u00e0 noite, foi o primeiro contato&#8221;, descreve Benedito Oliveira Neto. M\u00e9dico psiquiatra, foi ele quem encabe\u00e7ou a campanha nas redes sociais por doa\u00e7\u00e3o de sangue. Beatriz teve eclampsia na gravidez e hemorragia depois do parto.<\/p>\n<p>&#8220;Na hora que ela viu, ficou bem emocionada. Chorou e as t\u00e9cnicas de Enfermagem colocaram ele nos bra\u00e7os dela. Ela ficou um pouquinho com ele&#8221;, narra o pai. Lucas est\u00e1 internadinho, mas evoluindo bem. O beb\u00ea nasceu prematuro, de 30 semanas e precisa ganhar peso para ent\u00e3o deixar a UTI.\u00a0A m\u00e3e ainda est\u00e1 fraca e um pouco debilitada, mas progredindo dentro do normal.<\/p>\n<p>As doa\u00e7\u00f5es de sangue bateram recorde. Em dois dias, foram mais de 200 doa\u00e7\u00f5es de sangue direcionadas \u00e0 m\u00e3e no Hemosul.\u00a0&#8220;Foi muita gente. Eu n\u00e3o esperava uma como\u00e7\u00e3o t\u00e3o grande. Fiquei muito surpreso e ao mesmo tempo feliz de ver o tanto que ela \u00e9 bem quista, tanto por quem conhece e at\u00e9 por pessoas que n\u00e3o conheciam, mas se comoveram com a hist\u00f3ria&#8221;, conta Benedito.<\/p>\n<p>A hist\u00f3ria que emocionou a cidade come\u00e7a ter a propor\u00e7\u00e3o compreendida por Beatriz. &#8220;Eu fui relatando para ela o tamanho da repercuss\u00e3o e ela foi vendo as liga\u00e7\u00f5es, as mensagens e aos poucos ela foi tendo uma no\u00e7\u00e3o do que aconteceu&#8221;, explica Benedito.<\/p>\n<p>Ao longo de toda essa como\u00e7\u00e3o, o pai fez um texto de agradecimento a todos que ajudaram.<\/p>\n<p><em>&#8220;Foram dias dif\u00edceis, mas agosto se foi&#8230; E com ele qualquer pensamento negativo ou medo de sofrer mais&#8230;\u00a0Setembro chegou me aliviando a alma, trazendo conforto ao que ainda me resta e aumentando minha f\u00e9 e esperan\u00e7a de dias melhores e intensos&#8230;\u00a0<\/em><em>Muito grato a todos por tanta generosidade, nobreza nos gestos e calor no cora\u00e7\u00e3o! As ora\u00e7\u00f5es nos deram for\u00e7a, nos reergueram e hoje estamos evoluindo e sendo aben\u00e7oados por Deus!\u00a0Muito obrigado a todos por tudo! Meu peda\u00e7o que faltava est\u00e1 sendo reconstru\u00eddo!&#8221;<\/em><\/p>\n<p>Lucas ainda n\u00e3o tem previs\u00e3o de alta, porque tudo depende da evolu\u00e7\u00e3o do beb\u00ea. O &#8220;breve&#8221; que a fam\u00edlia tanto espera pode levar uma at\u00e9 tr\u00eas semanas. &#8220;Ele sai da UTI para a unidade intermedi\u00e1ria para aprender a mamar e ficar um pouco independente, para depois poder vir para casa&#8221;, relata o pai.<\/p>\n<p>&nbsp;<\/p>\n<p>&nbsp;<\/p>\n<p>Campo Grande News<\/p>\n","protected":false},"excerpt":{"rendered":"<p>De um hospital para outro. De paciente para m\u00e3e. Lucas ganhou o colo de Beatriz pela primeira vez 17 dias depois de nascer. Na \u00faltima sexta-feira, a m\u00e9dica que despertou carinho e solidariedade ao precisar de doa\u00e7\u00e3o de sangue, teve alta e foi ver o pequeno. Lucas \u00e9 o primeiro filho dela e do marido [&hellip;]<\/p>\n","protected":false},"author":4,"featured_media":9591,"comment_status":"closed","ping_status":"closed","sticky":false,"template":"","format":"standard","meta":{"footnotes":""},"categories":[39],"tags":[],"class_list":["post-9590","post","type-post","status-publish","format-standard","has-post-thumbnail","hentry","category-saude"],"_links":{"self":[{"href":"https:\/\/www.ocorreionews.com.br\/acervo-correio\/index.php?rest_route=\/wp\/v2\/posts\/9590","targetHints":{"allow":["GET"]}}],"collection":[{"href":"https:\/\/www.ocorreionews.com.br\/acervo-correio\/index.php?rest_route=\/wp\/v2\/posts"}],"about":[{"href":"https:\/\/www.ocorreionews.com.br\/acervo-correio\/index.php?rest_route=\/wp\/v2\/types\/post"}],"author":[{"embeddable":true,"href":"https:\/\/www.ocorreionews.com.br\/acervo-correio\/index.php?rest_route=\/wp\/v2\/users\/4"}],"replies":[{"embeddable":true,"href":"https:\/\/www.ocorreionews.com.br\/acervo-correio\/index.php?rest_route=%2Fwp%2Fv2%2Fcomments&post=9590"}],"version-history":[{"count":0,"href":"https:\/\/www.ocorreionews.com.br\/acervo-correio\/index.php?rest_route=\/wp\/v2\/posts\/9590\/revisions"}],"wp:featuredmedia":[{"embeddable":true,"href":"https:\/\/www.ocorreionews.com.br\/acervo-correio\/index.php?rest_route=\/wp\/v2\/media\/9591"}],"wp:attachment":[{"href":"https:\/\/www.ocorreionews.com.br\/acervo-correio\/index.php?rest_route=%2Fwp%2Fv2%2Fmedia&parent=9590"}],"wp:term":[{"taxonomy":"category","embeddable":true,"href":"https:\/\/www.ocorreionews.com.br\/acervo-correio\/index.php?rest_route=%2Fwp%2Fv2%2Fcategories&post=9590"},{"taxonomy":"post_tag","embeddable":true,"href":"https:\/\/www.ocorreionews.com.br\/acervo-correio\/index.php?rest_route=%2Fwp%2Fv2%2Ftags&post=9590"}],"curies":[{"name":"wp","href":"https:\/\/api.w.org\/{rel}","templated":true}]}}