{"id":9596,"date":"2015-09-09T09:56:25","date_gmt":"2015-09-09T13:56:25","guid":{"rendered":"https:\/\/ocorreionews.com.br\/?p=9596"},"modified":"2015-09-09T09:56:25","modified_gmt":"2015-09-09T13:56:25","slug":"iagro-estabelece-calendario-de-vacinacao-contra-a-aftosa-em-ms","status":"publish","type":"post","link":"https:\/\/www.ocorreionews.com.br\/acervo-correio\/?p=9596","title":{"rendered":"Iagro estabelece calend\u00e1rio de vacina\u00e7\u00e3o contra a aftosa em MS"},"content":{"rendered":"<p>Portaria da Ag\u00eancia Estadual de Defesa Sanit\u00e1ria Animal e Vegetal (Iagro) publicada na edi\u00e7\u00e3o desta ter\u00e7a-feira (8), do Di\u00e1rio Oficial de Mato Grosso do Sul, praticamente manteve para a temporada 2015\/2016 o mesmo calend\u00e1rio das campanhas mais recentes de vacina\u00e7\u00e3o do rebanho bovino e bubalino no estado contra a febre aftosa e a brucelose.<\/p>\n<p>Para a segunda etapa de 2015, a portaria estabelece que os produtores da regi\u00e3o de Fronteira dever\u00e3o\u00a0 imunizar todos os animais com idade entre 0 e 24 meses, entre 1\u00ba de outubro e 15 de novembro e fazer o comunicado a ag\u00eancia at\u00e9 30 de novembro.<\/p>\n<div class=\"saibamais componente_materia\">J\u00e1 para os criadores do Planalto, a imuniza\u00e7\u00e3o dever\u00e1 ser realizada entre 1\u00ba e 30 de novembro, para animais at\u00e9 24 meses e a comunica\u00e7\u00e3o ser feita at\u00e9 15 de dezembro. Quanto aos produtores do Pantanal, eles dever\u00e3o vacinar todo o rebanho entre 1\u00ba de novembro e 15 de dezembro e fazer a notifica\u00e7\u00e3o da Iagro do procedimento at\u00e9 30 de dezembro.<\/div>\n<p>Por outro lado, para a primeira rodada da campanha 2016, o trabalho come\u00e7ar\u00e1 tamb\u00e9m na regi\u00e3o de Fronteira. Produtores dever\u00e3o vacinar todo o rebanho entre 1\u00ba de abril e 15 de maio e fazer a comunica\u00e7\u00e3o at\u00e9 30 de maio.<\/p>\n<p>No Planalto, a campanha ser\u00e1 realizada entre 1\u00ba e 31 de maio, tamb\u00e9m para todo o rebanho e o registro da imuniza\u00e7\u00e3o ser realizado at\u00e9 15 de junho. Para o Pantanal a portaria prev\u00ea a vacina\u00e7\u00e3o de 1\u00ba de maio a 15 de junho e a comunica\u00e7\u00e3o at\u00e9 30 de junho.<\/p>\n<p>&nbsp;<\/p>\n<p>G1 &#8211; MS<\/p>\n","protected":false},"excerpt":{"rendered":"<p>Portaria da Ag\u00eancia Estadual de Defesa Sanit\u00e1ria Animal e Vegetal (Iagro) publicada na edi\u00e7\u00e3o desta ter\u00e7a-feira (8), do Di\u00e1rio Oficial de Mato Grosso do Sul, praticamente manteve para a temporada 2015\/2016 o mesmo calend\u00e1rio das campanhas mais recentes de vacina\u00e7\u00e3o do rebanho bovino e bubalino no estado contra a febre aftosa e a brucelose. Para [&hellip;]<\/p>\n","protected":false},"author":4,"featured_media":9597,"comment_status":"closed","ping_status":"closed","sticky":false,"template":"","format":"standard","meta":{"footnotes":""},"categories":[17,31],"tags":[],"class_list":["post-9596","post","type-post","status-publish","format-standard","has-post-thumbnail","hentry","category-agropecuaria","category-geral"],"_links":{"self":[{"href":"https:\/\/www.ocorreionews.com.br\/acervo-correio\/index.php?rest_route=\/wp\/v2\/posts\/9596","targetHints":{"allow":["GET"]}}],"collection":[{"href":"https:\/\/www.ocorreionews.com.br\/acervo-correio\/index.php?rest_route=\/wp\/v2\/posts"}],"about":[{"href":"https:\/\/www.ocorreionews.com.br\/acervo-correio\/index.php?rest_route=\/wp\/v2\/types\/post"}],"author":[{"embeddable":true,"href":"https:\/\/www.ocorreionews.com.br\/acervo-correio\/index.php?rest_route=\/wp\/v2\/users\/4"}],"replies":[{"embeddable":true,"href":"https:\/\/www.ocorreionews.com.br\/acervo-correio\/index.php?rest_route=%2Fwp%2Fv2%2Fcomments&post=9596"}],"version-history":[{"count":0,"href":"https:\/\/www.ocorreionews.com.br\/acervo-correio\/index.php?rest_route=\/wp\/v2\/posts\/9596\/revisions"}],"wp:featuredmedia":[{"embeddable":true,"href":"https:\/\/www.ocorreionews.com.br\/acervo-correio\/index.php?rest_route=\/wp\/v2\/media\/9597"}],"wp:attachment":[{"href":"https:\/\/www.ocorreionews.com.br\/acervo-correio\/index.php?rest_route=%2Fwp%2Fv2%2Fmedia&parent=9596"}],"wp:term":[{"taxonomy":"category","embeddable":true,"href":"https:\/\/www.ocorreionews.com.br\/acervo-correio\/index.php?rest_route=%2Fwp%2Fv2%2Fcategories&post=9596"},{"taxonomy":"post_tag","embeddable":true,"href":"https:\/\/www.ocorreionews.com.br\/acervo-correio\/index.php?rest_route=%2Fwp%2Fv2%2Ftags&post=9596"}],"curies":[{"name":"wp","href":"https:\/\/api.w.org\/{rel}","templated":true}]}}