{"id":9599,"date":"2015-09-09T10:11:35","date_gmt":"2015-09-09T14:11:35","guid":{"rendered":"https:\/\/ocorreionews.com.br\/?p=9599"},"modified":"2015-09-09T10:39:09","modified_gmt":"2015-09-09T14:39:09","slug":"inovacao-saj-atos-e-implantado-na-comarca-de-chapadao-do-sul","status":"publish","type":"post","link":"https:\/\/www.ocorreionews.com.br\/acervo-correio\/?p=9599","title":{"rendered":"Inova\u00e7\u00e3o: SAJ-ATOS \u00e9 implantado na comarca de Chapad\u00e3o do Sul"},"content":{"rendered":"<div>\n<p>Nesta ter\u00e7a-feira (8) foi implementada a funcionalidade ATOS no sistema SAJ das comarcas de Brasil\u00e2ndia e Chapad\u00e3o do Sul. A ferramenta ser\u00e1 instalada como projeto-piloto nas varas mistas destas comarcas e, progressivamente, nas outras varas do Estado. O lan\u00e7amento da ATOS aconteceu no dia 22 de maio deste ano, pelo presidente do TJMS, Des. Jo\u00e3o Maria L\u00f3s, o Corregedor-Geral de Justi\u00e7a, Des. Julizar Barbosa Trindade, e a ju\u00edza auxiliar da Corregedoria-Geral de Justi\u00e7a, Elizabete Anache. At\u00e9 o fim deste ano, outras comarcas do interior ter\u00e3o a funcionalidade Atos instalada.<\/p>\n<p>A ferramenta, que foi utilizada primeiramente na vara de Execu\u00e7\u00e3o Fiscal Estadual de Campo Grande, j\u00e1 est\u00e1 funcionando nas comarcas de Brasil\u00e2ndia e Chapad\u00e3o do Sul. No per\u00edodo da manh\u00e3, os serventu\u00e1rios dos cart\u00f3rios e os assessores de gabinete receberam treinamento te\u00f3rico da funcionalidade. Durante duas semanas, uma equipe da STI permanecer\u00e1 nas comarcas para realizar o acompanhamento pr\u00e1tico nos gabinetes e cart\u00f3rios, auxiliando na configura\u00e7\u00e3o de Atos nos modelos do gabinete, bem como na gera\u00e7\u00e3o e cumprimento de Atos no cart\u00f3rio.<\/p>\n<p>A nova funcionalidade permite emitir documentos automaticamente e, al\u00e9m disso, permite a integra\u00e7\u00e3o com os sistemas do Minist\u00e9rio P\u00fablico, Procuradorias estaduais e municipais e tamb\u00e9m com os Correios. A partir dos documentos expedidos pelo juiz (despachos, decis\u00f5es e senten\u00e7as) \u00e9 poss\u00edvel gerar expedientes, que podem ser automatizados, semiautomatizados e, ainda, n\u00e3o-automatizados, e tamb\u00e9m enviar intima\u00e7\u00f5es eletr\u00f4nicas por meio da integra\u00e7\u00e3o com os entes conveniados. A novidade vai beneficiar o trabalho do Primeiro Grau, garantindo a celeridade e a efetividade da presta\u00e7\u00e3o jurisdicional.<\/p>\n<p>O Grupo de Trabalho, composto para implementar e padronizar os modelos de cart\u00f3rio, elaborou modelos de documentos que servem para todas as comarcas do Estado. S\u00e3o mais de mil modelos conferidos e finalizados. O GT realizou mais de 30 reuni\u00f5es e diversas confer\u00eancias at\u00e9 chegar aos modelos padronizados.<\/p>\n<p>Inicialmente, o SAJ-ATOS foi implantado na Vara de Execu\u00e7\u00e3o Fiscal Estadual de Campo Grande, como projeto-piloto para atender a integra\u00e7\u00e3o com a PGE. Outra experi\u00eancia est\u00e1 acontecendo na Vara de Execu\u00e7\u00e3o Fiscal de Corumb\u00e1, que j\u00e1 est\u00e1 em fase de testes de integra\u00e7\u00e3o com a Procuradoria do Munic\u00edpio daquela comarca. Neste ano deve ser conclu\u00edda a implanta\u00e7\u00e3o em sete comarcas piloto e a previs\u00e3o \u00e9 que em 2016 seja implantado no restante do Estado.<\/p>\n<p>Outras Cortes brasileira j\u00e1 utilizam a ferramenta, como o TJSC, TJCE, TJSP e TJAC.<\/p>\n<\/div>\n<p>&nbsp;<\/p>\n<div>Autor da not\u00edcia: Secretaria de Comunica\u00e7\u00e3o &#8211; imprensa@tjms.jus.br<\/div>\n","protected":false},"excerpt":{"rendered":"<p>Nesta ter\u00e7a-feira (8) foi implementada a funcionalidade ATOS no sistema SAJ das comarcas de Brasil\u00e2ndia e Chapad\u00e3o do Sul. A ferramenta ser\u00e1 instalada como projeto-piloto nas varas mistas destas comarcas e, progressivamente, nas outras varas do Estado. O lan\u00e7amento da ATOS aconteceu no dia 22 de maio deste ano, pelo presidente do TJMS, Des. Jo\u00e3o [&hellip;]<\/p>\n","protected":false},"author":4,"featured_media":9600,"comment_status":"closed","ping_status":"closed","sticky":false,"template":"","format":"standard","meta":{"footnotes":""},"categories":[23],"tags":[],"class_list":["post-9599","post","type-post","status-publish","format-standard","has-post-thumbnail","hentry","category-chapadao-do-sul"],"_links":{"self":[{"href":"https:\/\/www.ocorreionews.com.br\/acervo-correio\/index.php?rest_route=\/wp\/v2\/posts\/9599","targetHints":{"allow":["GET"]}}],"collection":[{"href":"https:\/\/www.ocorreionews.com.br\/acervo-correio\/index.php?rest_route=\/wp\/v2\/posts"}],"about":[{"href":"https:\/\/www.ocorreionews.com.br\/acervo-correio\/index.php?rest_route=\/wp\/v2\/types\/post"}],"author":[{"embeddable":true,"href":"https:\/\/www.ocorreionews.com.br\/acervo-correio\/index.php?rest_route=\/wp\/v2\/users\/4"}],"replies":[{"embeddable":true,"href":"https:\/\/www.ocorreionews.com.br\/acervo-correio\/index.php?rest_route=%2Fwp%2Fv2%2Fcomments&post=9599"}],"version-history":[{"count":0,"href":"https:\/\/www.ocorreionews.com.br\/acervo-correio\/index.php?rest_route=\/wp\/v2\/posts\/9599\/revisions"}],"wp:featuredmedia":[{"embeddable":true,"href":"https:\/\/www.ocorreionews.com.br\/acervo-correio\/index.php?rest_route=\/wp\/v2\/media\/9600"}],"wp:attachment":[{"href":"https:\/\/www.ocorreionews.com.br\/acervo-correio\/index.php?rest_route=%2Fwp%2Fv2%2Fmedia&parent=9599"}],"wp:term":[{"taxonomy":"category","embeddable":true,"href":"https:\/\/www.ocorreionews.com.br\/acervo-correio\/index.php?rest_route=%2Fwp%2Fv2%2Fcategories&post=9599"},{"taxonomy":"post_tag","embeddable":true,"href":"https:\/\/www.ocorreionews.com.br\/acervo-correio\/index.php?rest_route=%2Fwp%2Fv2%2Ftags&post=9599"}],"curies":[{"name":"wp","href":"https:\/\/api.w.org\/{rel}","templated":true}]}}