{"id":9602,"date":"2015-09-09T10:34:12","date_gmt":"2015-09-09T14:34:12","guid":{"rendered":"https:\/\/ocorreionews.com.br\/?p=9602"},"modified":"2015-09-09T10:56:33","modified_gmt":"2015-09-09T14:56:33","slug":"acontece-neste-sabado-o-1-circuito-de-desenvolvimento-da-triplice-fronteira-ms-go-mt-em-costa-rica","status":"publish","type":"post","link":"https:\/\/www.ocorreionews.com.br\/acervo-correio\/?p=9602","title":{"rendered":"Acontece neste s\u00e1bado o 1\u00b0 Circuito de Desenvolvimento da Tr\u00edplice Fronteira (MS, GO, MT) em Costa Rica"},"content":{"rendered":"<div>A cidade de Costa Rica \u2013 MS, localizado a 380 km de Campo Grande \u2013 MS, estar\u00e1 sediando no pr\u00f3ximo dia 12 de setembro (s\u00e1bado), a partir das 8 horas, no Espa\u00e7o Gold Eventos, o 1\u00b0 Circuito de Desenvolvimento da Tr\u00edplice Fronteira (MS, GO, MT).<\/div>\n<div><\/div>\n<div>O evento tem como objetivo integrar mais de 33 munic\u00edpios da tr\u00edplice fronteira, entre os estados de Mato Grosso do Sul, Mato Grosso e Goi\u00e1s, regi\u00e3o que demonstra grande potencial de desenvolvimento econ\u00f4mico e social, com excelentes aptid\u00f5es aos setores do agroneg\u00f3cio e turismo.<\/div>\n<div><\/div>\n<div>\u201cNeste contexto torna-se fundamental estimular reflex\u00f5es sobre o cen\u00e1rio pol\u00edtico atual e, imprescind\u00edvel, que os governos locais debatam estrat\u00e9gias para evoluir de maneira conjunta, contribuindo para o progresso da fronteira\u201d, ressalta o presidente da C\u00e2mara de Vereadores de Costa Rica, Jos\u00e9 Augusto Maia Vasconcellos.<\/div>\n<div><\/div>\n<div>Na programa\u00e7\u00e3o do 1\u00b0 Circuito de Desenvolvimento da Tr\u00edplice Fronteira (MS, GO, MT) est\u00e3o previstas apresenta\u00e7\u00f5es de personalidades pol\u00edticas como o senador Ronaldo Caiado, o secret\u00e1rio de Habita\u00e7\u00e3o (PR) e empres\u00e1rio rural Abelardo Lupion, o prefeito de Costa Rica, Waldeli dos Santos Rosa e o pecuarista Rubens Catenacci que ir\u00e3o debater com o p\u00fablico o andamento e perspectivas do agroneg\u00f3cio na fronteira.<\/div>\n<div><\/div>\n<div>A perspectiva de p\u00fablico \u00e9 de mais de mil pessoas, entre elas, produtores rurais, empres\u00e1rios, investidores, consultores, representantes de ind\u00fastrias, profissionais liberais, estudantes e t\u00e9cnicos de diversos setores. \u201cEst\u00e1 iniciativa foi criada como mecanismo de di\u00e1logo entre lideran\u00e7as que se empenham em estimular a economia da tr\u00edplice fronteira e, iniciar um novo e importante processo de desenvolvimento desta regi\u00e3o, favorecendo o bem-estar da popula\u00e7\u00e3o\u201d, observa o prefeito Waldeli.<\/div>\n<div><\/div>\n<div><strong>Confira abaixo a Programa\u00e7\u00e3o do 1\u00b0 Circuito de Desenvolvimento da Tr\u00edplice Fronteira (MS, GO, MT)<\/strong><\/div>\n<div><\/div>\n<div><strong>07h30\u00a0<\/strong>\u2013 Credenciamento<\/div>\n<div><strong>08h30<\/strong>\u00a0\u2013 Abertura do evento com as autoridades<\/div>\n<div><strong>09h15<\/strong>\u00a0\u2013 Palestra com o prefeito Waldeli dos Santos Rosa com o tema \u201cEmpreendedorismo\u201d<\/div>\n<div><strong>10h00<\/strong> \u2013 Palestra com o pecuarista Rubens Catenacci abordando o \u201cAtual Cen\u00e1rio da Pecu\u00e1ria em Mato Grosso do Sul\u201d<\/div>\n<div><strong>10h45<\/strong> \u2013 Palestra com o secret\u00e1rio de Habita\u00e7\u00e3o do Paran\u00e1 e empres\u00e1rio Abelardo Lupion com o tema \u201cAgroneg\u00f3cio no Brasil\u201d<\/div>\n<div><strong>11h20<\/strong> \u2013 Palestra com o senador Ronaldo Caiado abordando o tema \u201cSolu\u00e7\u00f5es para Momentos de Crise\u201d<\/div>\n<div><strong>12h05<\/strong> \u2013 Encerramento<\/div>\n<div><\/div>\n<div>O evento \u00e9 uma realiza\u00e7\u00e3o da C\u00e2mara Municipal de Vereadores e conta com apoio do Munic\u00edpio de Costa Rica, Prefeitura de Figueir\u00e3o \u2013 MS, Grupo Paran\u00e1 e Fazenda 3R. Mais informa\u00e7\u00f5es: 67 9964 2759 (Luciana Aguiar) \u2013 67 96782470 (Sadib de Oliveira).<\/div>\n<div><\/div>\n<div>\u00a0<a href=\"https:\/\/ocorreionews.com.br\/wp-content\/uploads\/2015\/08\/tripece-fronteira.jpg\"><img loading=\"lazy\" decoding=\"async\" class=\"alignnone size-full wp-image-8532\" src=\"https:\/\/ocorreionews.com.br\/wp-content\/uploads\/2015\/08\/tripece-fronteira.jpg\" alt=\"tripece fronteira\" width=\"630\" height=\"926\" srcset=\"https:\/\/www.ocorreionews.com.br\/acervo-correio\/wp-content\/uploads\/2015\/08\/tripece-fronteira.jpg 630w, https:\/\/www.ocorreionews.com.br\/acervo-correio\/wp-content\/uploads\/2015\/08\/tripece-fronteira-204x300.jpg 204w\" sizes=\"auto, (max-width: 630px) 100vw, 630px\" \/><\/a><\/div>\n<div>Fonte: Costa Rica em Foco<\/div>\n","protected":false},"excerpt":{"rendered":"<p>A cidade de Costa Rica \u2013 MS, localizado a 380 km de Campo Grande \u2013 MS, estar\u00e1 sediando no pr\u00f3ximo dia 12 de setembro (s\u00e1bado), a partir das 8 horas, no Espa\u00e7o Gold Eventos, o 1\u00b0 Circuito de Desenvolvimento da Tr\u00edplice Fronteira (MS, GO, MT). O evento tem como objetivo integrar mais de 33 munic\u00edpios [&hellip;]<\/p>\n","protected":false},"author":4,"featured_media":9606,"comment_status":"closed","ping_status":"closed","sticky":false,"template":"","format":"standard","meta":{"footnotes":""},"categories":[25],"tags":[],"class_list":["post-9602","post","type-post","status-publish","format-standard","has-post-thumbnail","hentry","category-costa-rica"],"_links":{"self":[{"href":"https:\/\/www.ocorreionews.com.br\/acervo-correio\/index.php?rest_route=\/wp\/v2\/posts\/9602","targetHints":{"allow":["GET"]}}],"collection":[{"href":"https:\/\/www.ocorreionews.com.br\/acervo-correio\/index.php?rest_route=\/wp\/v2\/posts"}],"about":[{"href":"https:\/\/www.ocorreionews.com.br\/acervo-correio\/index.php?rest_route=\/wp\/v2\/types\/post"}],"author":[{"embeddable":true,"href":"https:\/\/www.ocorreionews.com.br\/acervo-correio\/index.php?rest_route=\/wp\/v2\/users\/4"}],"replies":[{"embeddable":true,"href":"https:\/\/www.ocorreionews.com.br\/acervo-correio\/index.php?rest_route=%2Fwp%2Fv2%2Fcomments&post=9602"}],"version-history":[{"count":0,"href":"https:\/\/www.ocorreionews.com.br\/acervo-correio\/index.php?rest_route=\/wp\/v2\/posts\/9602\/revisions"}],"wp:featuredmedia":[{"embeddable":true,"href":"https:\/\/www.ocorreionews.com.br\/acervo-correio\/index.php?rest_route=\/wp\/v2\/media\/9606"}],"wp:attachment":[{"href":"https:\/\/www.ocorreionews.com.br\/acervo-correio\/index.php?rest_route=%2Fwp%2Fv2%2Fmedia&parent=9602"}],"wp:term":[{"taxonomy":"category","embeddable":true,"href":"https:\/\/www.ocorreionews.com.br\/acervo-correio\/index.php?rest_route=%2Fwp%2Fv2%2Fcategories&post=9602"},{"taxonomy":"post_tag","embeddable":true,"href":"https:\/\/www.ocorreionews.com.br\/acervo-correio\/index.php?rest_route=%2Fwp%2Fv2%2Ftags&post=9602"}],"curies":[{"name":"wp","href":"https:\/\/api.w.org\/{rel}","templated":true}]}}