{"id":9612,"date":"2015-09-09T11:14:20","date_gmt":"2015-09-09T15:14:20","guid":{"rendered":"https:\/\/ocorreionews.com.br\/?p=9612"},"modified":"2015-09-09T11:14:20","modified_gmt":"2015-09-09T15:14:20","slug":"onibus-da-prefeitura-esta-ha-mais-de-um-ano-em-oficina-de-campo-grande","status":"publish","type":"post","link":"https:\/\/www.ocorreionews.com.br\/acervo-correio\/?p=9612","title":{"rendered":"\u00d4nibus da Prefeitura est\u00e1 h\u00e1 mais de um ano em oficina de Campo Grande"},"content":{"rendered":"<p style=\"text-align: justify;\">A vereadora S\u00f4nia Maran, postou em seu Face, as imagens de um \u00f4nibus do munic\u00edpio, doado pelo Governo Federal, que se encontra em uma oficina de Campo Grande, h\u00e1 um ano e meio.<\/p>\n<p style=\"text-align: justify;\">O \u00f4nibus est\u00e1 na oficina K-Cinco, que fica na Avenida Elias Zharan desde o dia 01.03.2014 e, at\u00e9 a presente data o prefeito municipal Dr. Luiz Felipe, sequer fez uma licita\u00e7\u00e3o para conserta-lo. Como afirma a vereadora esse fato \u00e9 classificado como abandono de Patrim\u00f4nio.<\/p>\n<p style=\"text-align: justify;\">Enquanto isso, a prefeitura est\u00e1 gastando rios de dinheiros em loca\u00e7\u00e3o de \u00f4nibus, para fazer o transporte escolar.<\/p>\n<p style=\"text-align: justify;\">A nossa reportagem recebeu uma den\u00fancia de um funcion\u00e1rio do p\u00e1tio municipal, pedindo para n\u00e3o ser identificado, para fazer uma visita no local onde poder\u00e1 ser constatado o sucateamento da frota do munic\u00edpio.<\/p>\n<p style=\"text-align: justify;\">A nossa reportagem estar\u00e1 convidando o Minist\u00e9rio P\u00fablico e os vereadores, para juntos podermos ir ao local, para constatar sem realmente procede a den\u00fancia.<\/p>\n<p style=\"text-align: justify;\"><a href=\"https:\/\/ocorreionews.com.br\/wp-content\/uploads\/2015\/09\/onibus.jpg\"><img loading=\"lazy\" decoding=\"async\" class=\"alignnone size-full wp-image-9614\" src=\"https:\/\/ocorreionews.com.br\/wp-content\/uploads\/2015\/09\/onibus.jpg\" alt=\"onibus\" width=\"536\" height=\"960\" srcset=\"https:\/\/www.ocorreionews.com.br\/acervo-correio\/wp-content\/uploads\/2015\/09\/onibus.jpg 536w, https:\/\/www.ocorreionews.com.br\/acervo-correio\/wp-content\/uploads\/2015\/09\/onibus-168x300.jpg 168w\" sizes=\"auto, (max-width: 536px) 100vw, 536px\" \/><\/a><\/p>\n","protected":false},"excerpt":{"rendered":"<p>A vereadora S\u00f4nia Maran, postou em seu Face, as imagens de um \u00f4nibus do munic\u00edpio, doado pelo Governo Federal, que se encontra em uma oficina de Campo Grande, h\u00e1 um ano e meio. O \u00f4nibus est\u00e1 na oficina K-Cinco, que fica na Avenida Elias Zharan desde o dia 01.03.2014 e, at\u00e9 a presente data o [&hellip;]<\/p>\n","protected":false},"author":4,"featured_media":9613,"comment_status":"closed","ping_status":"closed","sticky":false,"template":"","format":"standard","meta":{"footnotes":""},"categories":[23],"tags":[],"class_list":["post-9612","post","type-post","status-publish","format-standard","has-post-thumbnail","hentry","category-chapadao-do-sul"],"_links":{"self":[{"href":"https:\/\/www.ocorreionews.com.br\/acervo-correio\/index.php?rest_route=\/wp\/v2\/posts\/9612","targetHints":{"allow":["GET"]}}],"collection":[{"href":"https:\/\/www.ocorreionews.com.br\/acervo-correio\/index.php?rest_route=\/wp\/v2\/posts"}],"about":[{"href":"https:\/\/www.ocorreionews.com.br\/acervo-correio\/index.php?rest_route=\/wp\/v2\/types\/post"}],"author":[{"embeddable":true,"href":"https:\/\/www.ocorreionews.com.br\/acervo-correio\/index.php?rest_route=\/wp\/v2\/users\/4"}],"replies":[{"embeddable":true,"href":"https:\/\/www.ocorreionews.com.br\/acervo-correio\/index.php?rest_route=%2Fwp%2Fv2%2Fcomments&post=9612"}],"version-history":[{"count":0,"href":"https:\/\/www.ocorreionews.com.br\/acervo-correio\/index.php?rest_route=\/wp\/v2\/posts\/9612\/revisions"}],"wp:featuredmedia":[{"embeddable":true,"href":"https:\/\/www.ocorreionews.com.br\/acervo-correio\/index.php?rest_route=\/wp\/v2\/media\/9613"}],"wp:attachment":[{"href":"https:\/\/www.ocorreionews.com.br\/acervo-correio\/index.php?rest_route=%2Fwp%2Fv2%2Fmedia&parent=9612"}],"wp:term":[{"taxonomy":"category","embeddable":true,"href":"https:\/\/www.ocorreionews.com.br\/acervo-correio\/index.php?rest_route=%2Fwp%2Fv2%2Fcategories&post=9612"},{"taxonomy":"post_tag","embeddable":true,"href":"https:\/\/www.ocorreionews.com.br\/acervo-correio\/index.php?rest_route=%2Fwp%2Fv2%2Ftags&post=9612"}],"curies":[{"name":"wp","href":"https:\/\/api.w.org\/{rel}","templated":true}]}}