{"id":9621,"date":"2015-09-09T13:41:48","date_gmt":"2015-09-09T17:41:48","guid":{"rendered":"https:\/\/ocorreionews.com.br\/?p=9621"},"modified":"2015-09-09T13:41:48","modified_gmt":"2015-09-09T17:41:48","slug":"paranaiba-homem-atira-contra-a-propria-cabeca-e-sobrevive","status":"publish","type":"post","link":"https:\/\/www.ocorreionews.com.br\/acervo-correio\/?p=9621","title":{"rendered":"PARANA\u00cdBA &#8211; Homem atira contra a pr\u00f3pria cabe\u00e7a e sobrevive"},"content":{"rendered":"<p>Na tarde de ter\u00e7a-feira (8), por volta das 16h, um homem de 52 anos efetuou um disparo de arma de fogo contra a pr\u00f3pria cabe\u00e7a. O homem foi encaminhado as pressas para a Santa Casa de Miseric\u00f3rdia de Parana\u00edba, onde recebeu os primeiros atendimentos e em seguida foi encaminhado para Tr\u00eas Lagoas-MS.<\/p>\n<p>As informa\u00e7\u00f5es d\u00e3o conta de que investigadores estavam conversando com ele pr\u00f3ximo ao Zero Grau, no Santo Ant\u00f4nio. Depois de pouco tempo de conversa, o homem disse aos policiais que iria em seu carro pegar seus documentos. Ele entrou no carro, e em poucos instantes, os policiais que o esperavam ouviram um estampido. Correram at\u00e9 o ve\u00edculo e o encontraram com uma arma na m\u00e3o, j\u00e1 com o rosto coberto de sangue.<\/p>\n<p>O homem havia colocado a arma na boca e disparou. Rapidamente o indiv\u00edduo foi encaminhado para a Santa Casa local e durante a noite foi encaminhado para o Hospital de Tr\u00eas Lagoas.<\/p>\n<p>A informa\u00e7\u00e3o que a Santa Casa repassou \u00e9 de que ele n\u00e3o corre risco de morte. Est\u00e1 internado em observa\u00e7\u00e3o.<\/p>\n<p>O caso foi registrado junto ao Primeiro Distrito Policial como Suic\u00eddio na Forma Tentada.<\/p>\n<p>&nbsp;<\/p>\n<p>Fonte: Jornal Tribuna Livre<\/p>\n","protected":false},"excerpt":{"rendered":"<p>Na tarde de ter\u00e7a-feira (8), por volta das 16h, um homem de 52 anos efetuou um disparo de arma de fogo contra a pr\u00f3pria cabe\u00e7a. O homem foi encaminhado as pressas para a Santa Casa de Miseric\u00f3rdia de Parana\u00edba, onde recebeu os primeiros atendimentos e em seguida foi encaminhado para Tr\u00eas Lagoas-MS. As informa\u00e7\u00f5es d\u00e3o [&hellip;]<\/p>\n","protected":false},"author":4,"featured_media":9622,"comment_status":"closed","ping_status":"closed","sticky":false,"template":"","format":"standard","meta":{"footnotes":""},"categories":[38],"tags":[],"class_list":["post-9621","post","type-post","status-publish","format-standard","has-post-thumbnail","hentry","category-policia"],"_links":{"self":[{"href":"https:\/\/www.ocorreionews.com.br\/acervo-correio\/index.php?rest_route=\/wp\/v2\/posts\/9621","targetHints":{"allow":["GET"]}}],"collection":[{"href":"https:\/\/www.ocorreionews.com.br\/acervo-correio\/index.php?rest_route=\/wp\/v2\/posts"}],"about":[{"href":"https:\/\/www.ocorreionews.com.br\/acervo-correio\/index.php?rest_route=\/wp\/v2\/types\/post"}],"author":[{"embeddable":true,"href":"https:\/\/www.ocorreionews.com.br\/acervo-correio\/index.php?rest_route=\/wp\/v2\/users\/4"}],"replies":[{"embeddable":true,"href":"https:\/\/www.ocorreionews.com.br\/acervo-correio\/index.php?rest_route=%2Fwp%2Fv2%2Fcomments&post=9621"}],"version-history":[{"count":0,"href":"https:\/\/www.ocorreionews.com.br\/acervo-correio\/index.php?rest_route=\/wp\/v2\/posts\/9621\/revisions"}],"wp:featuredmedia":[{"embeddable":true,"href":"https:\/\/www.ocorreionews.com.br\/acervo-correio\/index.php?rest_route=\/wp\/v2\/media\/9622"}],"wp:attachment":[{"href":"https:\/\/www.ocorreionews.com.br\/acervo-correio\/index.php?rest_route=%2Fwp%2Fv2%2Fmedia&parent=9621"}],"wp:term":[{"taxonomy":"category","embeddable":true,"href":"https:\/\/www.ocorreionews.com.br\/acervo-correio\/index.php?rest_route=%2Fwp%2Fv2%2Fcategories&post=9621"},{"taxonomy":"post_tag","embeddable":true,"href":"https:\/\/www.ocorreionews.com.br\/acervo-correio\/index.php?rest_route=%2Fwp%2Fv2%2Ftags&post=9621"}],"curies":[{"name":"wp","href":"https:\/\/api.w.org\/{rel}","templated":true}]}}