{"id":9624,"date":"2015-09-09T15:08:02","date_gmt":"2015-09-09T19:08:02","guid":{"rendered":"https:\/\/ocorreionews.com.br\/?p=9624"},"modified":"2015-09-09T15:08:02","modified_gmt":"2015-09-09T19:08:02","slug":"queimadas-causam-verdadeira-destruicao-no-sudoeste-goiano","status":"publish","type":"post","link":"https:\/\/www.ocorreionews.com.br\/acervo-correio\/?p=9624","title":{"rendered":"Queimadas causam verdadeira destrui\u00e7\u00e3o no Sudoeste Goiano"},"content":{"rendered":"<p>Um fato hist\u00f3rico no Sudoeste Goiano. Uma trag\u00e9dia sem precedentes! A terra ardia em chamas nesta ter\u00e7a-feira, em uma regi\u00e3o que se destaca pelo seu agroneg\u00f3cio. V\u00e1rios munic\u00edpios foram atingidos pelo fogo que se alastrou rapidamente devido ao tempo seco, aliado ao forte vento, que em algumas regi\u00f5es chegou h\u00e1 mais de 90 Km\/h. Quem passava pelos locais atingidos ou estava pr\u00f3ximo aos focos de inc\u00eandio, se aterrorizava e se amedrontava com a tamanha trag\u00e9dia. Somente o COB \u2013 Centro de Opera\u00e7\u00f5es dos Bombeiros \u2013 de Santa Helena de Goi\u00e1s, recebeu mais de 20 solicita\u00e7\u00f5es para o combate ao fogo.<\/p>\n<p><a href=\"https:\/\/ocorreionews.com.br\/wp-content\/uploads\/2015\/09\/fogo-goias2.jpg\"><img loading=\"lazy\" decoding=\"async\" class=\"alignnone size-full wp-image-9626\" src=\"https:\/\/ocorreionews.com.br\/wp-content\/uploads\/2015\/09\/fogo-goias2.jpg\" alt=\"fogo goias2\" width=\"800\" height=\"489\" srcset=\"https:\/\/www.ocorreionews.com.br\/acervo-correio\/wp-content\/uploads\/2015\/09\/fogo-goias2.jpg 800w, https:\/\/www.ocorreionews.com.br\/acervo-correio\/wp-content\/uploads\/2015\/09\/fogo-goias2-300x183.jpg 300w\" sizes=\"auto, (max-width: 800px) 100vw, 800px\" \/><\/a><\/p>\n<p>Os inc\u00eandios em vegeta\u00e7\u00e3o atingiram os Munic\u00edpios de Rio Verde, Santa Helena de Goi\u00e1s, Indiara, Acre\u00fana, Quirin\u00f3polis, Jata\u00ed, Jovi\u00e2nia, Montividiu, Ca\u00e7u, Santo Ant\u00f4nio da Barra, al\u00e9m dos distritos de Ouroana, Lagoa do Bauzinho e Riverl\u00e2ndia. Muitos animais morreram, maquin\u00e1rios e casas foram atingidos, currais e galp\u00f5es foram destru\u00eddos, redes de energia el\u00e9trica foram rompidas, ind\u00fastrias foram evacuadas\u2026 Por\u00e9m, a trag\u00e9dia poderia ser maior, se n\u00e3o fosse a atua\u00e7\u00e3o her\u00f3ica do efetivo do Corpo de Bombeiros Militar. Tanques com bilh\u00f5es de litros de \u00e1lcool, pertencentes a pelo menos tr\u00eas Usinas\u00a0 quase foram atingidos pelo fogo, o que poderia causar uma trag\u00e9dia, ainda bem maior.<\/p>\n<p><a href=\"http:\/\/plantaojti.com.br\/wp-content\/uploads\/2015\/09\/IMG-20150909-WA0034.jpg\" rel=\"lightbox-0\"><img loading=\"lazy\" decoding=\"async\" class=\"alignleft wp-image-39436 \" src=\"http:\/\/plantaojti.com.br\/wp-content\/uploads\/2015\/09\/IMG-20150909-WA0034.jpg\" alt=\"\" width=\"263\" height=\"351\" \/><\/a><\/p>\n<p>A GO-210, que liga Rio Verde a Santa Helena de Goi\u00e1s ficou interditada devido \u00e0 nuvem de fuma\u00e7a, o que poderia ocasionar acidentes e intoxica\u00e7\u00e3o. Uma fila de carros se formou ao longo da Rodovia, causando medo e espanto para quem trafegava pelo local. Tamb\u00e9m em Santa Helena de Goi\u00e1s, uma ind\u00fastria teve que ser evacuada, isto por causa do perigo eminente ocasionado pelo fogo. As chamas atingiram a regi\u00e3o da \u201cUsina Tropical\u201d o que gerou ainda mais preocupa\u00e7\u00e3o para quem combatia o fogo, o qual, tamb\u00e9m, atingiu a \u00e1rea Urbana do Munic\u00edpio. O local conhecido como granja, localizado \u00e0s margens da GO\u2013210, tamb\u00e9m pegou fogo, causando a morte de v\u00e1rios animais. Uma \u00e1rvore em chamas caiu na rodovia e devido ao engarrafamento, um ve\u00edculo foi incendiado.<\/p>\n<p><a href=\"http:\/\/plantaojti.com.br\/wp-content\/uploads\/2015\/09\/IMG-20150909-WA0030.jpg\" rel=\"lightbox-1\"><img loading=\"lazy\" decoding=\"async\" class=\"wp-image-39438 size-medium\" src=\"http:\/\/plantaojti.com.br\/wp-content\/uploads\/2015\/09\/IMG-20150909-WA0030-283x220.jpg\" alt=\"IMG-20150909-WA0030\" width=\"283\" height=\"220\" \/><\/a><\/p>\n<p>A BR-060, entre os Munic\u00edpios de Acre\u00fana e Indiara, tamb\u00e9m ficou interditada devido ao forte fogo, que de longe podia ser visto. Uma cortina de fuma\u00e7a se formou ao longo da Rodovia e houve a necessidade da atua\u00e7\u00e3o da Pol\u00edcia Militar, Pol\u00edcia Rodovi\u00e1ria Federal, al\u00e9m do Corpo de Bombeiros, que trabalhou arduamente para apagar as chamas, que consumiram pastagens e canaviais inteiros. Animais morreram em meio ao violento fogo. O galp\u00e3o utilizado para o dep\u00f3sito de gr\u00e3os tamb\u00e9m foi atingido. A todo o momento, fotos e v\u00eddeos chegavam por meio de Redes Sociais mostrando a viol\u00eancia das chamas.<\/p>\n<p>\u00c0s margens da GO-333, Munic\u00edpio de Rio Verde, a Rede de Energia El\u00e9trica se rompeu iniciando assim outro foco de inc\u00eandio na Fazenda Sementes Vit\u00f3ria. A destrui\u00e7\u00e3o pode ser vista a olho nu: Uma grande \u00e1rea de mata foi totalmente consumida.<\/p>\n<p><a href=\"http:\/\/plantaojti.com.br\/wp-content\/uploads\/2015\/09\/IMG-20150909-WA0026.jpg\" rel=\"lightbox-2\"><img loading=\"lazy\" decoding=\"async\" class=\"wp-image-39439 \" src=\"http:\/\/plantaojti.com.br\/wp-content\/uploads\/2015\/09\/IMG-20150909-WA0026.jpg\" alt=\"IMG-20150909-WA0026\" width=\"245\" height=\"343\" \/><\/a><\/p>\n<p>No per\u00edmetro Urbano de Rio Verde, a irresponsabilidade quase terminou em trag\u00e9dia. No Bairro Gameleira II, Regi\u00e3o Sul da Cidade, um homem colocou fogo em folhagens e devido ao forte vento, o fogo pulou para a pastagem, sendo necess\u00e1ria a interven\u00e7\u00e3o de um Caminh\u00e3o do Corpo de Bombeiros para conter as chamas. Aos fundos de um Hipermercado localizado \u00e0s margens da BR-060, tamb\u00e9m houve foco de inc\u00eandio, local este em que houve h\u00e1 poucos dias, outro combate ao inc\u00eandio em vegeta\u00e7\u00e3o.<\/p>\n<p>Na Vila Borges, Regi\u00e3o Central de Rio Verde, moradores se assustaram e se irritaram com a atitude de uma pessoa que teria ateado fogo na \u00e1rea de um Clube de lazer. Uma intensa nuvem se formou e o fogo por pouco n\u00e3o atingiu resid\u00eancias. Moradores da regi\u00e3o procuraram a Equipe de reportagem do <strong>PLANT\u00c3O JTI<\/strong> e reclamaram da atitude inconseq\u00fcente da pessoa que ateou fogo ao local. O Corpo de Bombeiros chegou a ser acionado via 193, por\u00e9m, n\u00e3o havia efetivo para fazer o combate.<\/p>\n<p><a href=\"http:\/\/plantaojti.com.br\/wp-content\/uploads\/2015\/09\/IMG-20150908-WA0782-2.jpg\" rel=\"lightbox-3\"><img loading=\"lazy\" decoding=\"async\" class=\" wp-image-39442\" src=\"http:\/\/plantaojti.com.br\/wp-content\/uploads\/2015\/09\/IMG-20150908-WA0782-2.jpg\" alt=\"Maquin\u00e1rios ficaram totalmente destru\u00eddos.\" width=\"259\" height=\"356\" \/><\/a><\/p>\n<p>No Grupo de Not\u00edcias <strong>\u201cFaca na Caveira\u201d<\/strong>, formado por Militares e outras For\u00e7as de Seguran\u00e7a, um Bombeiro Militar se manifestou e disse: \u201cEstamos sobrecarregados! O mundo est\u00e1 pegando fogo agora e a capacidade de atendimento \u00e9 limitada\u201d. Quando as chamas foram contidas, moradores da regi\u00e3o da Vila Borges postaram em Rede Social afirmando que iriam promover manifesta\u00e7\u00e3o na porta do Clube.<\/p>\n<p>No fim da noite, quando j\u00e1 chovia em Rio Verde, o Corpo de Bombeiros e a Pol\u00edcia Rodovi\u00e1ria Federal foram acionados para atender inc\u00eandio em vegeta\u00e7\u00e3o no Munic\u00edpio de Santo Ant\u00f4nio da Barra. O temor era que as chamas atingissem os tanques da Usina de Santa Cruz das Lages. De acordo com o Inspetor Losi, a Rodovia chegou a ser interditada, por\u00e9m, a chuva logo caiu na regi\u00e3o e o fogo foi apagado.<\/p>\n<p>Em Jata\u00ed e em Santa Helena de Goi\u00e1s, tratores e colheitadeiras foram queimados. O fogo atingiu casas na zona rural, destruiu pastagens e planta\u00e7\u00f5es diversas, al\u00e9m de matar v\u00e1rios animais. Em v\u00e1rios munic\u00edpios podia-se ver uma forte nuvem de fuma\u00e7a. Em alguns locais era dif\u00edcil respirar. O c\u00e9u ficou escuro e fuligens caiam por toda a parte.<\/p>\n<p>Fotos: Enviadas por Internauta<\/p>\n","protected":false},"excerpt":{"rendered":"<p>Um fato hist\u00f3rico no Sudoeste Goiano. Uma trag\u00e9dia sem precedentes! A terra ardia em chamas nesta ter\u00e7a-feira, em uma regi\u00e3o que se destaca pelo seu agroneg\u00f3cio. V\u00e1rios munic\u00edpios foram atingidos pelo fogo que se alastrou rapidamente devido ao tempo seco, aliado ao forte vento, que em algumas regi\u00f5es chegou h\u00e1 mais de 90 Km\/h. Quem [&hellip;]<\/p>\n","protected":false},"author":4,"featured_media":9625,"comment_status":"closed","ping_status":"closed","sticky":false,"template":"","format":"standard","meta":{"footnotes":""},"categories":[38],"tags":[],"class_list":["post-9624","post","type-post","status-publish","format-standard","has-post-thumbnail","hentry","category-policia"],"_links":{"self":[{"href":"https:\/\/www.ocorreionews.com.br\/acervo-correio\/index.php?rest_route=\/wp\/v2\/posts\/9624","targetHints":{"allow":["GET"]}}],"collection":[{"href":"https:\/\/www.ocorreionews.com.br\/acervo-correio\/index.php?rest_route=\/wp\/v2\/posts"}],"about":[{"href":"https:\/\/www.ocorreionews.com.br\/acervo-correio\/index.php?rest_route=\/wp\/v2\/types\/post"}],"author":[{"embeddable":true,"href":"https:\/\/www.ocorreionews.com.br\/acervo-correio\/index.php?rest_route=\/wp\/v2\/users\/4"}],"replies":[{"embeddable":true,"href":"https:\/\/www.ocorreionews.com.br\/acervo-correio\/index.php?rest_route=%2Fwp%2Fv2%2Fcomments&post=9624"}],"version-history":[{"count":0,"href":"https:\/\/www.ocorreionews.com.br\/acervo-correio\/index.php?rest_route=\/wp\/v2\/posts\/9624\/revisions"}],"wp:featuredmedia":[{"embeddable":true,"href":"https:\/\/www.ocorreionews.com.br\/acervo-correio\/index.php?rest_route=\/wp\/v2\/media\/9625"}],"wp:attachment":[{"href":"https:\/\/www.ocorreionews.com.br\/acervo-correio\/index.php?rest_route=%2Fwp%2Fv2%2Fmedia&parent=9624"}],"wp:term":[{"taxonomy":"category","embeddable":true,"href":"https:\/\/www.ocorreionews.com.br\/acervo-correio\/index.php?rest_route=%2Fwp%2Fv2%2Fcategories&post=9624"},{"taxonomy":"post_tag","embeddable":true,"href":"https:\/\/www.ocorreionews.com.br\/acervo-correio\/index.php?rest_route=%2Fwp%2Fv2%2Ftags&post=9624"}],"curies":[{"name":"wp","href":"https:\/\/api.w.org\/{rel}","templated":true}]}}