{"id":96247,"date":"2018-09-13T09:24:35","date_gmt":"2018-09-13T13:24:35","guid":{"rendered":"http:\/\/www.ocorreionews.com.br\/?p=96247"},"modified":"2018-09-13T10:14:22","modified_gmt":"2018-09-13T14:14:22","slug":"prefeito-joao-carlos-krug-recebe-em-seu-gabinete-equipe-de-natacao-de-chapadao-do-sul-premiada-no-jems-e-jojums","status":"publish","type":"post","link":"https:\/\/www.ocorreionews.com.br\/acervo-correio\/?p=96247","title":{"rendered":"Prefeito Jo\u00e3o Carlos Krug recebe em seu gabinete equipe de Nata\u00e7\u00e3o de Chapad\u00e3o do Sul premiada no JEMS e JOJUMS"},"content":{"rendered":"<p>Na tarde da \u00faltima quarta-feira, 12, o prefeito de Chapad\u00e3o do Sul, Jo\u00e3o Carlos Krug, recebeu em seu gabinete a equipe de Nata\u00e7\u00e3o de Chapad\u00e3o do Sul que participou nos dias 7 a 9 de setembro, do JEMS e JOJUMS de Nata\u00e7\u00e3o em Campo Grande, MS.<\/p>\n<p>Na oportunidade o prefeito parabenizou todos os jovens pelo empenho em representar o munic\u00edpio perante o Estado em importantes competi\u00e7\u00f5es estaduais, ele tamb\u00e9m agradeceu aos professores pela dedica\u00e7\u00e3o em ensinar os jovens o esporte e tamb\u00e9m toda disciplina, que \u00e9 base na nata\u00e7\u00e3o.<\/p>\n<p>Os jovens aproveitaram a oportunidade para falar sobre suas experi\u00eancias, expectativas e agradecer a oportunidade que a Prefeitura de Chapad\u00e3o do Sul e a Secretaria de Cultura e Esporte oferecem.<\/p>\n<p><img loading=\"lazy\" decoding=\"async\" class=\"\" src=\"http:\/\/www.chapadaodosul.ms.gov.br\/admin\/arquivos\/images\/13.03%285%29.jpg\" alt=\"\" width=\"600\" height=\"400\" \/>\u00a0<img loading=\"lazy\" decoding=\"async\" class=\"\" src=\"http:\/\/www.chapadaodosul.ms.gov.br\/admin\/arquivos\/images\/13.02%281%29.jpg\" alt=\"\" width=\"600\" height=\"400\" \/><\/p>\n<p><strong>Competi\u00e7\u00e3o<\/strong><\/p>\n<p>A competi\u00e7\u00e3o foi de alto n\u00edvel e teve a participa\u00e7\u00e3o de v\u00e1rios atletas do Estado. Acompanharam a delega\u00e7\u00e3o, Wander Viegas (Chefe de delega\u00e7\u00e3o), e as professoras Paula Elidia Lacerda Gra\u00e7a e Adriana Maria.<\/p>\n<p>Chapad\u00e3o do Sul, ainda se destacou trazendo a excelente coloca\u00e7\u00e3o de 3\u00ba lugar Geral e v\u00e1rias medalhas, sendo 5 de prata e 6 de bronze na categoria JEMS.<\/p>\n<p>Os atletas participantes da equipe de Chapad\u00e3o do Sul, na categoria JEMS, foram Taila Gabriely, Thais Vaz, Marjori Garcia, \u00c1gata Rebeca, Eduarda Viana, Carolayne Camila, Maria Julia, Maria Eduarda, Thobias Augusto, Eduardo Ara\u00fajo, Luis Gustavo, Gustavo Pinhelli e Jo\u00e3o Vitor, e na categoria JOJUMS, Jo\u00e3o Pedro e Amanda Alves.<\/p>\n<p>Tamb\u00e9m participaram equipes dos munic\u00edpios de Corumb\u00e1, Maracaju, Ponta Por\u00e3, Dourados, Nova Andradina e Campo Grande.<\/p>\n<p><strong>Atletas JEMS:\u00a0<\/strong><\/p>\n<p>Taila Gabriely F. Lerner ficou em 3\u00b0 lugar nos 50 metros peito.<br \/>\nThobias Augusto Scheffer Rotini ficou em 2\u00b0 lugar nos 50 metros crawl e 3 \u00b0 lugar nos 100 metros crawl.<br \/>\nTaila, Thais, Eduarda, Marjori ficaram em 2 \u00b0 lugar no Revezamento 4\u00d750 metros medley.<br \/>\nTaila, Thais, Marjori, \u00c1gata ficaram em 3\u00b0 lugar no Revezamento 4&#215;50 metros crawl.<\/p>\n<p><strong>Atleta\u00a0JOJUMS:\u00a0<\/strong><br \/>\nJo\u00e3o Pedro Damke Oliveira ficou em 3 \u00b0 lugar nos 50 metros borboleta.<\/p>\n<p>A Prefeitura Municipal de Chapad\u00e3o do Sul por meio da Secretaria de Cultura e Esporte apoia e parabeniza os atletas e toda equipe.<\/p>\n<p><img loading=\"lazy\" decoding=\"async\" class=\"\" src=\"http:\/\/www.chapadaodosul.ms.gov.br\/admin\/arquivos\/images\/13.04%284%29.jpg\" alt=\"\" width=\"600\" height=\"399\" \/>\u00a0<img loading=\"lazy\" decoding=\"async\" class=\"\" src=\"http:\/\/www.chapadaodosul.ms.gov.br\/admin\/arquivos\/images\/13.05%284%29.jpg\" alt=\"\" width=\"601\" height=\"451\" \/><\/p>\n<p>&nbsp;<\/p>\n<p>&nbsp;<\/p>\n<p>*Assecom PMCS<\/p>\n","protected":false},"excerpt":{"rendered":"<p>Na tarde da \u00faltima quarta-feira, 12, o prefeito de Chapad\u00e3o do Sul, Jo\u00e3o Carlos Krug, recebeu em seu gabinete a equipe de Nata\u00e7\u00e3o de Chapad\u00e3o do Sul que participou nos dias 7 a 9 de setembro, do JEMS e JOJUMS de Nata\u00e7\u00e3o em Campo Grande, MS. Na oportunidade o prefeito parabenizou todos os jovens pelo [&hellip;]<\/p>\n","protected":false},"author":5,"featured_media":96248,"comment_status":"closed","ping_status":"closed","sticky":false,"template":"","format":"standard","meta":{"footnotes":""},"categories":[23,41],"tags":[],"class_list":["post-96247","post","type-post","status-publish","format-standard","has-post-thumbnail","hentry","category-chapadao-do-sul","category-destaque"],"_links":{"self":[{"href":"https:\/\/www.ocorreionews.com.br\/acervo-correio\/index.php?rest_route=\/wp\/v2\/posts\/96247","targetHints":{"allow":["GET"]}}],"collection":[{"href":"https:\/\/www.ocorreionews.com.br\/acervo-correio\/index.php?rest_route=\/wp\/v2\/posts"}],"about":[{"href":"https:\/\/www.ocorreionews.com.br\/acervo-correio\/index.php?rest_route=\/wp\/v2\/types\/post"}],"author":[{"embeddable":true,"href":"https:\/\/www.ocorreionews.com.br\/acervo-correio\/index.php?rest_route=\/wp\/v2\/users\/5"}],"replies":[{"embeddable":true,"href":"https:\/\/www.ocorreionews.com.br\/acervo-correio\/index.php?rest_route=%2Fwp%2Fv2%2Fcomments&post=96247"}],"version-history":[{"count":0,"href":"https:\/\/www.ocorreionews.com.br\/acervo-correio\/index.php?rest_route=\/wp\/v2\/posts\/96247\/revisions"}],"wp:featuredmedia":[{"embeddable":true,"href":"https:\/\/www.ocorreionews.com.br\/acervo-correio\/index.php?rest_route=\/wp\/v2\/media\/96248"}],"wp:attachment":[{"href":"https:\/\/www.ocorreionews.com.br\/acervo-correio\/index.php?rest_route=%2Fwp%2Fv2%2Fmedia&parent=96247"}],"wp:term":[{"taxonomy":"category","embeddable":true,"href":"https:\/\/www.ocorreionews.com.br\/acervo-correio\/index.php?rest_route=%2Fwp%2Fv2%2Fcategories&post=96247"},{"taxonomy":"post_tag","embeddable":true,"href":"https:\/\/www.ocorreionews.com.br\/acervo-correio\/index.php?rest_route=%2Fwp%2Fv2%2Ftags&post=96247"}],"curies":[{"name":"wp","href":"https:\/\/api.w.org\/{rel}","templated":true}]}}