{"id":96250,"date":"2018-09-13T10:36:49","date_gmt":"2018-09-13T14:36:49","guid":{"rendered":"http:\/\/www.ocorreionews.com.br\/?p=96250"},"modified":"2018-09-13T10:36:49","modified_gmt":"2018-09-13T14:36:49","slug":"pitbull-ataca-cabo-da-pm-dilacera-mandibula-e-bochechas-vitima-precisa-de-cirurgia-de-reconstrucao-da-face","status":"publish","type":"post","link":"https:\/\/www.ocorreionews.com.br\/acervo-correio\/?p=96250","title":{"rendered":"Pitbull ataca cabo da PM, dilacera mand\u00edbula e bochechas; v\u00edtima precisa de cirurgia de reconstru\u00e7\u00e3o da face"},"content":{"rendered":"<div class=\"mc-column content-text active-extra-styles active-capital-letter\" data-block-type=\"unstyled\" data-block-weight=\"91\" data-block-id=\"2\">\n<p class=\"content-text__container theme-color-primary-first-letter\" data-track-category=\"Link no Texto\" data-track-links=\"\">Um c\u00e3o pitbull teve uma rea\u00e7\u00e3o inesperada, ao ver o trope\u00e7o do cabo do Batalh\u00e3o de Choque (BpChoque) da Pol\u00edcia Militar, Gustavo Leite Serafim, de 34 anos. A v\u00edtima estava na casa do vizinho e, conforme a fam\u00edlia, conhecia o animal. Ao sair, o c\u00e3o acompanhou e a v\u00edtima ent\u00e3o o puxou pela coleira, com inten\u00e7\u00e3o de n\u00e3o deixar ele sair do im\u00f3vel. Neste momento, o cabo trope\u00e7ou e o c\u00e3o o mordeu na regi\u00e3o do queixo, dilacerando a mand\u00edbula e bochechas. O caso ocorreu h\u00e1 2 dias, em Campo Grande.<\/p>\n<p data-track-category=\"Link no Texto\" data-track-links=\"\"><span style=\"text-transform: initial;\">&#8220;Ele estava de folga, visitando o amigo e j\u00e1 indo embora, quando foi guardar o c\u00e3o e levou a mordida. Foi uma rea\u00e7\u00e3o violenta, acho que o animal assustou e por isso houve este estrago. Eu consegui uma libera\u00e7\u00e3o para acompanh\u00e1-lo e agora ele est\u00e1 calmo, devido ao apoio dos colegas. Neste primeiro momento, estamos priorizando a cirurgia para que ele volte a ter sensibilidade e um poss\u00edvel movimento para comer e falar direito&#8221;, afirmou ao <\/span><strong style=\"text-transform: initial;\">G1<\/strong><span style=\"text-transform: initial;\"> a esposa da v\u00edtima, Elizandra Ribas Serafim, de 32 anos.<\/span><\/p>\n<p data-track-category=\"Link no Texto\" data-track-links=\"\"><span style=\"text-transform: initial;\">Conforme Elizandra, a inten\u00e7\u00e3o \u00e9 chegar o mais pr\u00f3ximo poss\u00edvel do que era o rosto do marido. &#8220;A cirurgia precisa ser feita por um especialista que, de in\u00edcio, nos cobrou R$ 60 mil. O plano de sa\u00fade dele, que \u00e9 a Cassems [Caixa de Assist\u00eancia dos Servidores de Mato Grosso do Sul], est\u00e1 nos ajudando na negocia\u00e7\u00e3o com o m\u00e9dico. Depois, com a recupera\u00e7\u00e3o dele, vamos pensar na parte est\u00e9tica. S\u00e3o v\u00e1rias cirurgias de reconstru\u00e7\u00e3o, que levam de 5 a 10 meses e o hospital paga a anestesia e instala\u00e7\u00f5es, mas, n\u00e3o o m\u00e9dico&#8221;, explicou.<\/span><span style=\"text-transform: initial;\">\u00a0<\/span><\/p>\n<\/div>\n<div class=\"wall\">\n<div class=\"row medium-uncollapsed content-media content-photo\" data-block-type=\"backstage-photo\" data-block-id=\"5\">\n<div class=\"mc-column content-media__container\">\n<div class=\"progressive-img can-open-lightbox\" data-min-size=\"1008x1279\" data-min-size-url=\"https:\/\/s2.glbimg.com\/FVyyZdQM2gHd1rAbukVhQDTPwlw=\/0x234:720x1148\/1008x0\/smart\/filters:strip_icc()\/i.s3.glbimg.com\/v1\/AUTH_59edd422c0c84a879bd37670ae4f538a\/internal_photos\/bs\/2018\/A\/x\/R5rJTFTKCkKETnpA0a7A\/whatsapp-image-2018-09-12-at-08.39.35.jpeg\" data-max-size=\"1600x2031\" data-max-size-url=\"https:\/\/s2.glbimg.com\/IM58iVzRu5Iwf5jUp2aeg8dLSjc=\/0x234:720x1148\/1600x0\/smart\/filters:strip_icc()\/i.s3.glbimg.com\/v1\/AUTH_59edd422c0c84a879bd37670ae4f538a\/internal_photos\/bs\/2018\/A\/x\/R5rJTFTKCkKETnpA0a7A\/whatsapp-image-2018-09-12-at-08.39.35.jpeg\" data-media-index=\"1\"><picture><source srcset=\"https:\/\/s2.glbimg.com\/-ygMO0XPFJPcxeLfgT-t-cCU3rE=\/0x234:720x1148\/984x0\/smart\/filters:strip_icc()\/i.s3.glbimg.com\/v1\/AUTH_59edd422c0c84a879bd37670ae4f538a\/internal_photos\/bs\/2018\/A\/x\/R5rJTFTKCkKETnpA0a7A\/whatsapp-image-2018-09-12-at-08.39.35.jpeg\" data-src=\"https:\/\/s2.glbimg.com\/-ygMO0XPFJPcxeLfgT-t-cCU3rE=\/0x234:720x1148\/984x0\/smart\/filters:strip_icc()\/i.s3.glbimg.com\/v1\/AUTH_59edd422c0c84a879bd37670ae4f538a\/internal_photos\/bs\/2018\/A\/x\/R5rJTFTKCkKETnpA0a7A\/whatsapp-image-2018-09-12-at-08.39.35.jpeg\" \/><\/picture>\n<figure style=\"width: 600px\" class=\"wp-caption alignnone\"><img loading=\"lazy\" decoding=\"async\" class=\"image content-media__image progressive-loaded\" title=\"Policial foi atacado por c\u00e3o pitbull ao tentar guardar animal na casa do vizinho, diz esposa da v\u00edtima \u2014 Foto: Reprodu\u00e7\u00e3o\/WhatsApp\" src=\"https:\/\/s2.glbimg.com\/-ygMO0XPFJPcxeLfgT-t-cCU3rE=\/0x234:720x1148\/984x0\/smart\/filters:strip_icc()\/i.s3.glbimg.com\/v1\/AUTH_59edd422c0c84a879bd37670ae4f538a\/internal_photos\/bs\/2018\/A\/x\/R5rJTFTKCkKETnpA0a7A\/whatsapp-image-2018-09-12-at-08.39.35.jpeg\" alt=\"Policial foi atacado por c\u00e3o pitbull ao tentar guardar animal na casa do vizinho, diz esposa da v\u00edtima \u2014 Foto: Reprodu\u00e7\u00e3o\/WhatsApp\" width=\"600\" height=\"762\" data-src=\"https:\/\/s2.glbimg.com\/-ygMO0XPFJPcxeLfgT-t-cCU3rE=\/0x234:720x1148\/984x0\/smart\/filters:strip_icc()\/i.s3.glbimg.com\/v1\/AUTH_59edd422c0c84a879bd37670ae4f538a\/internal_photos\/bs\/2018\/A\/x\/R5rJTFTKCkKETnpA0a7A\/whatsapp-image-2018-09-12-at-08.39.35.jpeg\" \/><figcaption class=\"wp-caption-text\">Policial foi atacado por c\u00e3o pitbull ao tentar guardar animal na casa do vizinho, diz esposa da v\u00edtima \u2014 Foto: Reprodu\u00e7\u00e3o\/WhatsApp<\/figcaption><\/figure>\n<\/div>\n<\/div>\n<\/div>\n<div class=\"mc-column content-text active-extra-styles \" data-block-type=\"unstyled\" data-block-weight=\"79\" data-block-id=\"7\">\n<p class=\"content-text__container \" data-track-category=\"Link no Texto\" data-track-links=\"\">O comandante do BpChoque, tenente-coronel Marcus Pollet, ressaltou que est\u00e1 acompanhando o caso, desde o in\u00edcio. &#8220;N\u00f3s estamos conversando com o m\u00e9dico, j\u00e1 que na Santa Casa n\u00e3o tem microcirurgi\u00e3o vascular. Um dos m\u00e9dicos se prontificou a ajudar e baixou o valor para R$ 49 mil. Agora, nesta manh\u00e3, tenho reuni\u00e3o com o efetivo e vou repassar o que est\u00e1 ocorrendo. Depois, ele ainda precisar\u00e1 de rem\u00e9dios, fisioterapia e vamos ajudar de alguma maneira, com a nossa vaquinha&#8221;, comentou.<\/p>\n<p data-track-category=\"Link no Texto\" data-track-links=\"\"><span style=\"text-transform: initial;\">A reportagem entrou em contato com a assessoria da Cassems e aguarda retorno.<\/span><\/p>\n<\/div>\n<\/div>\n<p data-track-category=\"Link no Texto\" data-track-links=\"\">\n<p class=\"content-publication-data__from\" title=\"Graziela Rezende, G1 MS\">* Graziela Rezende, G1 MS<\/p>\n","protected":false},"excerpt":{"rendered":"<p>Um c\u00e3o pitbull teve uma rea\u00e7\u00e3o inesperada, ao ver o trope\u00e7o do cabo do Batalh\u00e3o de Choque (BpChoque) da Pol\u00edcia Militar, Gustavo Leite Serafim, de 34 anos. A v\u00edtima estava na casa do vizinho e, conforme a fam\u00edlia, conhecia o animal. Ao sair, o c\u00e3o acompanhou e a v\u00edtima ent\u00e3o o puxou pela coleira, com [&hellip;]<\/p>\n","protected":false},"author":5,"featured_media":96257,"comment_status":"closed","ping_status":"closed","sticky":false,"template":"","format":"standard","meta":{"footnotes":""},"categories":[38],"tags":[],"class_list":["post-96250","post","type-post","status-publish","format-standard","has-post-thumbnail","hentry","category-policia"],"_links":{"self":[{"href":"https:\/\/www.ocorreionews.com.br\/acervo-correio\/index.php?rest_route=\/wp\/v2\/posts\/96250","targetHints":{"allow":["GET"]}}],"collection":[{"href":"https:\/\/www.ocorreionews.com.br\/acervo-correio\/index.php?rest_route=\/wp\/v2\/posts"}],"about":[{"href":"https:\/\/www.ocorreionews.com.br\/acervo-correio\/index.php?rest_route=\/wp\/v2\/types\/post"}],"author":[{"embeddable":true,"href":"https:\/\/www.ocorreionews.com.br\/acervo-correio\/index.php?rest_route=\/wp\/v2\/users\/5"}],"replies":[{"embeddable":true,"href":"https:\/\/www.ocorreionews.com.br\/acervo-correio\/index.php?rest_route=%2Fwp%2Fv2%2Fcomments&post=96250"}],"version-history":[{"count":0,"href":"https:\/\/www.ocorreionews.com.br\/acervo-correio\/index.php?rest_route=\/wp\/v2\/posts\/96250\/revisions"}],"wp:featuredmedia":[{"embeddable":true,"href":"https:\/\/www.ocorreionews.com.br\/acervo-correio\/index.php?rest_route=\/wp\/v2\/media\/96257"}],"wp:attachment":[{"href":"https:\/\/www.ocorreionews.com.br\/acervo-correio\/index.php?rest_route=%2Fwp%2Fv2%2Fmedia&parent=96250"}],"wp:term":[{"taxonomy":"category","embeddable":true,"href":"https:\/\/www.ocorreionews.com.br\/acervo-correio\/index.php?rest_route=%2Fwp%2Fv2%2Fcategories&post=96250"},{"taxonomy":"post_tag","embeddable":true,"href":"https:\/\/www.ocorreionews.com.br\/acervo-correio\/index.php?rest_route=%2Fwp%2Fv2%2Ftags&post=96250"}],"curies":[{"name":"wp","href":"https:\/\/api.w.org\/{rel}","templated":true}]}}