{"id":96251,"date":"2018-09-13T10:16:27","date_gmt":"2018-09-13T14:16:27","guid":{"rendered":"http:\/\/www.ocorreionews.com.br\/?p=96251"},"modified":"2018-09-13T10:16:27","modified_gmt":"2018-09-13T14:16:27","slug":"leilao-de-materiais-reciclaveis-gera-mais-de-r-73-mil-de-receita-ao-municipio-2","status":"publish","type":"post","link":"https:\/\/www.ocorreionews.com.br\/acervo-correio\/?p=96251","title":{"rendered":"Leil\u00e3o de materiais recicl\u00e1veis gera mais de R$ 73 mil de receita ao munic\u00edpio"},"content":{"rendered":"<p>No final do m\u00eas de agosto, dia 28 \u00e0s 08h, ocorreu o leil\u00e3o da venda de materiais recicl\u00e1veis oriundos da coleta seletiva de Chapad\u00e3o do Sul.<\/p>\n<p>O lote de recicl\u00e1veis com 150.930kg foi arrematado pela empresa ganhadora no valor R$ 73.100, contendo garrafas PET, Polietileno de Alta Densidade colorido e branco, pl\u00e1stico cristal, colorido e preto, papel\u00e3o, saco big bag de rafia.<\/p>\n<p>O secret\u00e1rio de Desenvolvimento Econ\u00f4mico e Meio Ambiente, Felipe Batista, agradeceu o empenho de toda a comunidade sul chapadense, pois a cada dia est\u00e1 crescendo a ades\u00e3o ao programa da coleta seletiva. Agradece ainda, aos funcion\u00e1rios da Prefeitura que trabalham na coleta, triagem e prensagem dos res\u00edduos, pois sem esta equipe este resultado n\u00e3o seria poss\u00edvel.<\/p>\n<p>A coleta seletiva dos recicl\u00e1veis ocorre toda quarta-feira, portanto, separe seu lixo seco e coloque na ter\u00e7a \u00e0 noite para coleta. D\u00favidas sobre a coleta do lixo, entre em contato pelo telefone 99982.3549 ou 3562.1821<\/p>\n<p><strong>Saiba Mais:\u00a0<a href=\"http:\/\/www.chapadaodosul.ms.gov.br\/noticia\/coleta-seletiva-toda-quartafeira-tem-coleta-dos-resaduos-reciclaveis-em-chapadao-do-sul\/2485\" target=\"_blank\" rel=\"noopener\">Toda quarta-feira tem Coleta dos res\u00edduos recicl\u00e1veis em Chapad\u00e3o do Sul\u00a0<\/a><\/strong><\/p>\n","protected":false},"excerpt":{"rendered":"<p>No final do m\u00eas de agosto, dia 28 \u00e0s 08h, ocorreu o leil\u00e3o da venda de materiais recicl\u00e1veis oriundos da coleta seletiva de Chapad\u00e3o do Sul. O lote de recicl\u00e1veis com 150.930kg foi arrematado pela empresa ganhadora no valor R$ 73.100, contendo garrafas PET, Polietileno de Alta Densidade colorido e branco, pl\u00e1stico cristal, colorido e [&hellip;]<\/p>\n","protected":false},"author":4,"featured_media":96252,"comment_status":"closed","ping_status":"closed","sticky":false,"template":"","format":"standard","meta":{"footnotes":""},"categories":[23],"tags":[],"class_list":["post-96251","post","type-post","status-publish","format-standard","has-post-thumbnail","hentry","category-chapadao-do-sul"],"_links":{"self":[{"href":"https:\/\/www.ocorreionews.com.br\/acervo-correio\/index.php?rest_route=\/wp\/v2\/posts\/96251","targetHints":{"allow":["GET"]}}],"collection":[{"href":"https:\/\/www.ocorreionews.com.br\/acervo-correio\/index.php?rest_route=\/wp\/v2\/posts"}],"about":[{"href":"https:\/\/www.ocorreionews.com.br\/acervo-correio\/index.php?rest_route=\/wp\/v2\/types\/post"}],"author":[{"embeddable":true,"href":"https:\/\/www.ocorreionews.com.br\/acervo-correio\/index.php?rest_route=\/wp\/v2\/users\/4"}],"replies":[{"embeddable":true,"href":"https:\/\/www.ocorreionews.com.br\/acervo-correio\/index.php?rest_route=%2Fwp%2Fv2%2Fcomments&post=96251"}],"version-history":[{"count":0,"href":"https:\/\/www.ocorreionews.com.br\/acervo-correio\/index.php?rest_route=\/wp\/v2\/posts\/96251\/revisions"}],"wp:featuredmedia":[{"embeddable":true,"href":"https:\/\/www.ocorreionews.com.br\/acervo-correio\/index.php?rest_route=\/wp\/v2\/media\/96252"}],"wp:attachment":[{"href":"https:\/\/www.ocorreionews.com.br\/acervo-correio\/index.php?rest_route=%2Fwp%2Fv2%2Fmedia&parent=96251"}],"wp:term":[{"taxonomy":"category","embeddable":true,"href":"https:\/\/www.ocorreionews.com.br\/acervo-correio\/index.php?rest_route=%2Fwp%2Fv2%2Fcategories&post=96251"},{"taxonomy":"post_tag","embeddable":true,"href":"https:\/\/www.ocorreionews.com.br\/acervo-correio\/index.php?rest_route=%2Fwp%2Fv2%2Ftags&post=96251"}],"curies":[{"name":"wp","href":"https:\/\/api.w.org\/{rel}","templated":true}]}}