{"id":96254,"date":"2018-09-13T10:31:41","date_gmt":"2018-09-13T14:31:41","guid":{"rendered":"http:\/\/www.ocorreionews.com.br\/?p=96254"},"modified":"2018-09-13T10:31:41","modified_gmt":"2018-09-13T14:31:41","slug":"em-parceria-com-o-ibama-prefeitura-de-alcinopolis-oferecera-curso-de-combate-a-incendios-florestais","status":"publish","type":"post","link":"https:\/\/www.ocorreionews.com.br\/acervo-correio\/?p=96254","title":{"rendered":"Em parceria com o Ibama, Prefeitura de Alcin\u00f3polis oferecer\u00e1 curso de combate a inc\u00eandios florestais"},"content":{"rendered":"<p class=\"x_MsoNormal\">A Secretaria Municipal de Desenvolvimento, Agricultura, Pecu\u00e1ria, Turismo e Meio Ambiente (Semudes) de Alcin\u00f3polis, em parceria com o\u00a0Instituto Brasileiro do Meio Ambiente e dos Recursos Naturais Renov\u00e1veis (IBAMA), por meio\u00a0PrevFogo, \u00a0vai promover o curso de forma\u00e7\u00e3o de brigada de inc\u00eandio nos dias 14, 15 e 16 de setembro.<\/p>\n<p class=\"x_MsoNormal\">Segundo a secret\u00e1ria municipal de Desenvolvimento, Bruna Barbosa, o curso ser\u00e1 ministrado pelo coordenador do PrevFogo, M\u00e1rcio Iuly, e dividido em duas partes: teoria e pr\u00e1tica. A parte te\u00f3rica acontecer\u00e1 nos dois primeiros dias (sexta e s\u00e1bado), na Sala Verde, localizada na Secretaria, e no domingo, ser\u00e1 realizado o treinamento pr\u00e1tico no Monumento Natural Municipal Serra do Bom Jardim.<\/p>\n<p class=\"x_MsoNormal\">Na oportunidade, o coordenador M\u00e1rcio realizar\u00e1 um Plano Operativo de Preven\u00e7\u00e3o e Combate aos inc\u00eandios florestais das Unidades de Conserva\u00e7\u00e3o de Alcin\u00f3polis, que ser\u00e1 apresentado durante o curso.<\/p>\n<p class=\"x_MsoNormal\">Interessados em participar procurar a Semudes, na Rua Oleg\u00e1rio Barbosa da Silveira, 1344 ou pelo telefone 3260-1739.<\/p>\n<div class=\"x_gmail_signature\">\n<div dir=\"ltr\">\n<div><b>Assecom\/Prefeitura de Alcin\u00f3polis<br \/>\n<\/b><\/div>\n<p><b>Jornalista Nathalia Barbosa<\/b><\/div>\n<\/div>\n","protected":false},"excerpt":{"rendered":"<p>A Secretaria Municipal de Desenvolvimento, Agricultura, Pecu\u00e1ria, Turismo e Meio Ambiente (Semudes) de Alcin\u00f3polis, em parceria com o\u00a0Instituto Brasileiro do Meio Ambiente e dos Recursos Naturais Renov\u00e1veis (IBAMA), por meio\u00a0PrevFogo, \u00a0vai promover o curso de forma\u00e7\u00e3o de brigada de inc\u00eandio nos dias 14, 15 e 16 de setembro. Segundo a secret\u00e1ria municipal de Desenvolvimento, Bruna [&hellip;]<\/p>\n","protected":false},"author":4,"featured_media":96255,"comment_status":"closed","ping_status":"closed","sticky":false,"template":"","format":"standard","meta":{"footnotes":""},"categories":[18],"tags":[],"class_list":["post-96254","post","type-post","status-publish","format-standard","has-post-thumbnail","hentry","category-alcinopolis"],"_links":{"self":[{"href":"https:\/\/www.ocorreionews.com.br\/acervo-correio\/index.php?rest_route=\/wp\/v2\/posts\/96254","targetHints":{"allow":["GET"]}}],"collection":[{"href":"https:\/\/www.ocorreionews.com.br\/acervo-correio\/index.php?rest_route=\/wp\/v2\/posts"}],"about":[{"href":"https:\/\/www.ocorreionews.com.br\/acervo-correio\/index.php?rest_route=\/wp\/v2\/types\/post"}],"author":[{"embeddable":true,"href":"https:\/\/www.ocorreionews.com.br\/acervo-correio\/index.php?rest_route=\/wp\/v2\/users\/4"}],"replies":[{"embeddable":true,"href":"https:\/\/www.ocorreionews.com.br\/acervo-correio\/index.php?rest_route=%2Fwp%2Fv2%2Fcomments&post=96254"}],"version-history":[{"count":0,"href":"https:\/\/www.ocorreionews.com.br\/acervo-correio\/index.php?rest_route=\/wp\/v2\/posts\/96254\/revisions"}],"wp:featuredmedia":[{"embeddable":true,"href":"https:\/\/www.ocorreionews.com.br\/acervo-correio\/index.php?rest_route=\/wp\/v2\/media\/96255"}],"wp:attachment":[{"href":"https:\/\/www.ocorreionews.com.br\/acervo-correio\/index.php?rest_route=%2Fwp%2Fv2%2Fmedia&parent=96254"}],"wp:term":[{"taxonomy":"category","embeddable":true,"href":"https:\/\/www.ocorreionews.com.br\/acervo-correio\/index.php?rest_route=%2Fwp%2Fv2%2Fcategories&post=96254"},{"taxonomy":"post_tag","embeddable":true,"href":"https:\/\/www.ocorreionews.com.br\/acervo-correio\/index.php?rest_route=%2Fwp%2Fv2%2Ftags&post=96254"}],"curies":[{"name":"wp","href":"https:\/\/api.w.org\/{rel}","templated":true}]}}