{"id":9628,"date":"2015-09-09T15:12:36","date_gmt":"2015-09-09T19:12:36","guid":{"rendered":"https:\/\/ocorreionews.com.br\/?p=9628"},"modified":"2015-09-09T15:13:01","modified_gmt":"2015-09-09T19:13:01","slug":"fogo-em-vegetacao-atinge-32-vagoes-da-all-que-transportava-celulose-da-fibria","status":"publish","type":"post","link":"https:\/\/www.ocorreionews.com.br\/acervo-correio\/?p=9628","title":{"rendered":"Fogo em vegeta\u00e7\u00e3o atinge 32 vag\u00f5es da ALL que transportava celulose da Fibria"},"content":{"rendered":"<div class=\"bloco_texto_span\">\n<p>Carregado com celulose da empresa Fibria, situada em Tr\u00eas Lagoas, 32 vag\u00f5es da ALL (Am\u00e9rica Latina Log\u00edstica) pegaram fogo na tarde de ontem (8), destruindo toda a carga e os vag\u00f5es, na regi\u00e3o do munic\u00edpio de Valpara\u00edso, em S\u00e3o Paulo.<\/p>\n<p>Atrav\u00e9s de nota, a ALL informou que os vag\u00f5es pegaram fogo ap\u00f3s a composi\u00e7\u00e3o passar pr\u00f3xima a um inc\u00eandio na mata, \u00e0s margens da rodovia. Equipes da concession\u00e1ria trabalham para a remo\u00e7\u00e3o da carga e dos vag\u00f5es atingidos.<\/p>\n<p>Conforme a empresa, ser\u00e1 feita uma apura\u00e7\u00e3o detalhada sobre os danos \u00e0 ferrovia e \u00e0 carga de celulose que era transportada e seria levada at\u00e9 o porto de Santos, S\u00e3o Paulo.<\/p>\n<p>De acordo com o site Perfil News, o vento fez com que o fogo se alastrasse e atingisse a composi\u00e7\u00e3o. Militares do Corpo de Bombeiros foram chamados para atender a ocorr\u00eancia.<\/p>\n<\/div>\n<div class=\"bloco_texto_span\">\n<p>At\u00e9 o momento, nem a ALL nem a Fibria, confirmaram a quantidade de celulose que estava sendo transportada. Procurada pela reportagem do <strong>Campo Grande News<\/strong>, a Fibria informou que todas as medidas cab\u00edveis est\u00e3o sendo tomadas para a conten\u00e7\u00e3o do inc\u00eandio e seguran\u00e7a da comunidade.<\/p>\n<\/div>\n<div class=\"imagem\">\n<div class=\"zoom\"><\/div>\n<p><figure style=\"width: 640px\" class=\"wp-caption alignnone\"><a class=\"imagem\" title=\"O fogo se alastrou na mata pr\u00f3xima \u00e0 ferrovia. Celulose seria descarregada no porto de Santos. (Foto: Folha da Regi\u00e3o\/Divulga\u00e7\u00e3o)\" href=\"http:\/\/cdn1.campograndenews.com.br\/uploads\/tmp\/images\/5161533\/wm-640x480-bb4f9c05193e176db26f42edadf6c0dc.jpg\" rel=\"lightbox[galeria]\"><img loading=\"lazy\" decoding=\"async\" title=\"O fogo se alastrou na mata pr\u00f3xima \u00e0 ferrovia. Celulose seria descarregada no porto de Santos. (Foto: Folha da Regi\u00e3o\/Divulga\u00e7\u00e3o)\" src=\"http:\/\/cdn1.campograndenews.com.br\/uploads\/tmp\/images\/5161533\/640x480-bb4f9c05193e176db26f42edadf6c0dc.jpg\" alt=\"O fogo se alastrou na mata pr\u00f3xima \u00e0 ferrovia. Celulose seria descarregada no porto de Santos. (Foto: Folha da Regi\u00e3o\/Divulga\u00e7\u00e3o)\" width=\"640\" height=\"377\" \/><\/a><figcaption class=\"wp-caption-text\">O fogo se alastrou na mata pr\u00f3xima \u00e0 ferrovia. Celulose seria descarregada no porto de Santos. (Foto: Folha da Regi\u00e3o\/Divulga\u00e7\u00e3o)<\/figcaption><\/figure><\/div>\n<div class=\"clear\">\n<h5>Renata Volpe Haddad campograndenews<\/h5>\n<\/div>\n","protected":false},"excerpt":{"rendered":"<p>Carregado com celulose da empresa Fibria, situada em Tr\u00eas Lagoas, 32 vag\u00f5es da ALL (Am\u00e9rica Latina Log\u00edstica) pegaram fogo na tarde de ontem (8), destruindo toda a carga e os vag\u00f5es, na regi\u00e3o do munic\u00edpio de Valpara\u00edso, em S\u00e3o Paulo. Atrav\u00e9s de nota, a ALL informou que os vag\u00f5es pegaram fogo ap\u00f3s a composi\u00e7\u00e3o passar [&hellip;]<\/p>\n","protected":false},"author":4,"featured_media":9629,"comment_status":"closed","ping_status":"closed","sticky":false,"template":"","format":"standard","meta":{"footnotes":""},"categories":[31,38],"tags":[],"class_list":["post-9628","post","type-post","status-publish","format-standard","has-post-thumbnail","hentry","category-geral","category-policia"],"_links":{"self":[{"href":"https:\/\/www.ocorreionews.com.br\/acervo-correio\/index.php?rest_route=\/wp\/v2\/posts\/9628","targetHints":{"allow":["GET"]}}],"collection":[{"href":"https:\/\/www.ocorreionews.com.br\/acervo-correio\/index.php?rest_route=\/wp\/v2\/posts"}],"about":[{"href":"https:\/\/www.ocorreionews.com.br\/acervo-correio\/index.php?rest_route=\/wp\/v2\/types\/post"}],"author":[{"embeddable":true,"href":"https:\/\/www.ocorreionews.com.br\/acervo-correio\/index.php?rest_route=\/wp\/v2\/users\/4"}],"replies":[{"embeddable":true,"href":"https:\/\/www.ocorreionews.com.br\/acervo-correio\/index.php?rest_route=%2Fwp%2Fv2%2Fcomments&post=9628"}],"version-history":[{"count":0,"href":"https:\/\/www.ocorreionews.com.br\/acervo-correio\/index.php?rest_route=\/wp\/v2\/posts\/9628\/revisions"}],"wp:featuredmedia":[{"embeddable":true,"href":"https:\/\/www.ocorreionews.com.br\/acervo-correio\/index.php?rest_route=\/wp\/v2\/media\/9629"}],"wp:attachment":[{"href":"https:\/\/www.ocorreionews.com.br\/acervo-correio\/index.php?rest_route=%2Fwp%2Fv2%2Fmedia&parent=9628"}],"wp:term":[{"taxonomy":"category","embeddable":true,"href":"https:\/\/www.ocorreionews.com.br\/acervo-correio\/index.php?rest_route=%2Fwp%2Fv2%2Fcategories&post=9628"},{"taxonomy":"post_tag","embeddable":true,"href":"https:\/\/www.ocorreionews.com.br\/acervo-correio\/index.php?rest_route=%2Fwp%2Fv2%2Ftags&post=9628"}],"curies":[{"name":"wp","href":"https:\/\/api.w.org\/{rel}","templated":true}]}}