{"id":9662,"date":"2015-09-10T08:56:03","date_gmt":"2015-09-10T12:56:03","guid":{"rendered":"https:\/\/ocorreionews.com.br\/?p=9662"},"modified":"2015-09-10T08:56:03","modified_gmt":"2015-09-10T12:56:03","slug":"costa-rica-inicia-campanha-para-segunda-dose-da-vacina-contra-hpv","status":"publish","type":"post","link":"https:\/\/www.ocorreionews.com.br\/acervo-correio\/?p=9662","title":{"rendered":"Costa Rica inicia campanha para segunda dose da Vacina contra HPV"},"content":{"rendered":"<div class=\"marginBottom30px link-Internas\">\n<p>A Secretaria Municipal de Sa\u00fade por meio da Coordena\u00e7\u00e3o de Vigil\u00e2ncia Epidemiol\u00f3gica convoca todas as adolescentes de 11, 12 e 13 anos,11 meses e 29 dias a comparecerem a uma ESF \u2013 Estrat\u00e9gia de Sa\u00fade da Fam\u00edlia &#8211; mais pr\u00f3ximo de sua casa para receber a 2\u00ba dose de vacina contra o HPV.<\/p>\n<p>A secret\u00e1ria Municipal de Sa\u00fade, Adriana Tobal, enfatiza que o objetivo do Minist\u00e9rio da Sa\u00fade \u00e9 refor\u00e7ar as atuais a\u00e7\u00f5es de preven\u00e7\u00e3o do c\u00e2ncer do colo do \u00fatero e d\u00e1 continuidade \u00e0 estrat\u00e9gia de vacina\u00e7\u00e3o contra o papilomav\u00edrus humano subtipo 6, 11, 16 e 18 neste m\u00eas de setembro. \u201cA vacina contra o HPV quadrivalente foi inclu\u00edda na rotina do SUS &#8211; Sistema \u00danico de Sa\u00fade &#8211; no Calend\u00e1rio Nacional de Vacina\u00e7\u00e3o em mar\u00e7o de 2014\u201d, completa a gestora.<\/p>\n<p>A coordenadora da Vigil\u00e2ncia Epidemiol\u00f3gica, Ellen Pavan complementa que neste ano de 2015 a oferta da vacina foi ampliada para as meninas na faixa et\u00e1ria de 09 a 11 anos de idade. A vacina tamb\u00e9m ser\u00e1 ofertada para as mulheres de 14 a 26 anos de idade vivendo com HIV, considerando que as complica\u00e7\u00f5es decorrentes do HPV ocorrem com mais frequ\u00eancia em pacientes portadoras de HIV e da s\u00edndrome da imunodefici\u00eancia adquirida (AIDS). \u201cNo entanto, mant\u00e9m-se a necessidade de prescri\u00e7\u00e3o m\u00e9dica para mulheres vivendo com HIV, que dever\u00e1 ser apresentada no ato da vacina\u00e7\u00e3o\u201d, esclarece.<\/p>\n<p><strong>Confira abaixo o Esquema Vacinal (0, 6, 60 meses) para as meninas de 09 a 13 anos, 11 meses e 29 dias:<\/strong><br \/>\n1\u00aa dose: 0 (o dia da 1\u00aa dose);<br \/>\n2\u00aa dose: 06 (seis meses depois da 1\u00aa dose);<br \/>\n3\u00aa dose: 60 (sessenta meses ou 05 anos depois da 2\u00aa dose).<\/p>\n<p><strong>Veja a seguir o Esquema Vacinal (0, 2, 06 meses) para as meninas, adolescente e mulheres vivendo com HIV com idade de 09 a 26 anos:<\/strong><br \/>\n1\u00aa dose: 0 (o dia da 1\u00aa dose);<br \/>\n2\u00aa dose: 02 (dois meses depois da 1\u00aa dose);<br \/>\n3\u00aa dose: 60 (quatro meses depois da 2\u00aa dose).<\/p>\n<p>\u201cDestacando que a vacina contra HPV ser\u00e1 ofertada para popula\u00e7\u00e3o alvo, sendo prioridade as meninas na faixa et\u00e1ria de 09 a 11 anos, 11 meses e 29 dias de idade, mas tamb\u00e9m poder\u00e3o ser vacinadas as jovens de at\u00e9 13 anos, 11 meses e 29 dias que ainda n\u00e3o tenham recebido a primeira dose da vacina. Ser\u00e3o tamb\u00e9m vacinadas de maneira diferenciada as mulheres de 09 a 26 anos que vivem com HIV\u201d, refor\u00e7a a secret\u00e1ria Adriana Tobal.<\/p>\n<p>A gestora Municipal finaliza pedindo a colabora\u00e7\u00e3o de todos os diretores escolas P\u00fablicas e Particulares para encaminharem junto com seus devidos respons\u00e1veis seus alunos as unidades de sa\u00fade para receberem essa vacina. \u201cA vacina\u00e7\u00e3o, conjuntamente com as atuais a\u00e7\u00f5es para o rastreamento do c\u00e2ncer do colo do \u00fatero, possibilitar\u00e1 prevenir a doen\u00e7a nas pr\u00f3ximas d\u00e9cadas. Atualmente este agravo representa a terceira causa de morte por neoplasias entre mulheres no Brasil\u201d.<\/p>\n<\/div>\n","protected":false},"excerpt":{"rendered":"<p>A Secretaria Municipal de Sa\u00fade por meio da Coordena\u00e7\u00e3o de Vigil\u00e2ncia Epidemiol\u00f3gica convoca todas as adolescentes de 11, 12 e 13 anos,11 meses e 29 dias a comparecerem a uma ESF \u2013 Estrat\u00e9gia de Sa\u00fade da Fam\u00edlia &#8211; mais pr\u00f3ximo de sua casa para receber a 2\u00ba dose de vacina contra o HPV. A secret\u00e1ria [&hellip;]<\/p>\n","protected":false},"author":4,"featured_media":9665,"comment_status":"closed","ping_status":"closed","sticky":false,"template":"","format":"standard","meta":{"footnotes":""},"categories":[25],"tags":[],"class_list":["post-9662","post","type-post","status-publish","format-standard","has-post-thumbnail","hentry","category-costa-rica"],"_links":{"self":[{"href":"https:\/\/www.ocorreionews.com.br\/acervo-correio\/index.php?rest_route=\/wp\/v2\/posts\/9662","targetHints":{"allow":["GET"]}}],"collection":[{"href":"https:\/\/www.ocorreionews.com.br\/acervo-correio\/index.php?rest_route=\/wp\/v2\/posts"}],"about":[{"href":"https:\/\/www.ocorreionews.com.br\/acervo-correio\/index.php?rest_route=\/wp\/v2\/types\/post"}],"author":[{"embeddable":true,"href":"https:\/\/www.ocorreionews.com.br\/acervo-correio\/index.php?rest_route=\/wp\/v2\/users\/4"}],"replies":[{"embeddable":true,"href":"https:\/\/www.ocorreionews.com.br\/acervo-correio\/index.php?rest_route=%2Fwp%2Fv2%2Fcomments&post=9662"}],"version-history":[{"count":0,"href":"https:\/\/www.ocorreionews.com.br\/acervo-correio\/index.php?rest_route=\/wp\/v2\/posts\/9662\/revisions"}],"wp:featuredmedia":[{"embeddable":true,"href":"https:\/\/www.ocorreionews.com.br\/acervo-correio\/index.php?rest_route=\/wp\/v2\/media\/9665"}],"wp:attachment":[{"href":"https:\/\/www.ocorreionews.com.br\/acervo-correio\/index.php?rest_route=%2Fwp%2Fv2%2Fmedia&parent=9662"}],"wp:term":[{"taxonomy":"category","embeddable":true,"href":"https:\/\/www.ocorreionews.com.br\/acervo-correio\/index.php?rest_route=%2Fwp%2Fv2%2Fcategories&post=9662"},{"taxonomy":"post_tag","embeddable":true,"href":"https:\/\/www.ocorreionews.com.br\/acervo-correio\/index.php?rest_route=%2Fwp%2Fv2%2Ftags&post=9662"}],"curies":[{"name":"wp","href":"https:\/\/api.w.org\/{rel}","templated":true}]}}