{"id":9668,"date":"2015-09-10T09:05:49","date_gmt":"2015-09-10T13:05:49","guid":{"rendered":"https:\/\/ocorreionews.com.br\/?p=9668"},"modified":"2015-09-10T10:14:49","modified_gmt":"2015-09-10T14:14:49","slug":"2o-festa-da-primavera-acontece-nesta-sexta-na-escola-municipal-erico-verissimo","status":"publish","type":"post","link":"https:\/\/www.ocorreionews.com.br\/acervo-correio\/?p=9668","title":{"rendered":"2\u00ba Festa da Primavera acontece nesta sexta na Escola Municipal \u00c9rico Verissimo"},"content":{"rendered":"<div class=\"div-texto\">\n<p>2\u00ba Festa da Primavera acontece amanh\u00e3 (11)\u00a0 na Escola Municipal \u00c9rico Verissimo, \u00e1 partir das 18h30(MS).O evento ir\u00e1 iniciar com uma pe\u00e7a teatral, a \u201cFormiguinha e a Neve\u201d, com alunos da pr\u00e9-escola, e logo ap\u00f3s come\u00e7ar\u00e3o as apresenta\u00e7\u00f5es de v\u00e1rios tipos de dan\u00e7a dos estudantes.<\/p>\n<p>Na pra\u00e7a da alimenta\u00e7\u00e3o ter\u00e1 v\u00e1rios tipos de comida: pastel, cachorro quente, bife na chapa , petisco de frango e batata, e bolos em geral. Ainda ser\u00e3o sorteados um tablet 01 notebook para quem comprou a rifa, que foi vendida por alunos e professores da escola.<\/p>\n<p>\u201cEste trabalho incentiva os alunos a gostarem de arte e cultura, e ainda fortalece o v\u00ednculo da escola com os pais\u201d afirma a Diretora La\u00eds Gon\u00e7alves da Silva Lopes.<\/p>\n<p>O evento \u00e9 aberto ao p\u00fablico. A escola localiza-se na av. Goi\u00e1s , n 1831.<\/p>\n<\/div>\n<p>Fonte: Assecom &#8211; PMCS<\/p>\n","protected":false},"excerpt":{"rendered":"<p>2\u00ba Festa da Primavera acontece amanh\u00e3 (11)\u00a0 na Escola Municipal \u00c9rico Verissimo, \u00e1 partir das 18h30(MS).O evento ir\u00e1 iniciar com uma pe\u00e7a teatral, a \u201cFormiguinha e a Neve\u201d, com alunos da pr\u00e9-escola, e logo ap\u00f3s come\u00e7ar\u00e3o as apresenta\u00e7\u00f5es de v\u00e1rios tipos de dan\u00e7a dos estudantes. Na pra\u00e7a da alimenta\u00e7\u00e3o ter\u00e1 v\u00e1rios tipos de comida: pastel, [&hellip;]<\/p>\n","protected":false},"author":4,"featured_media":9669,"comment_status":"closed","ping_status":"closed","sticky":false,"template":"","format":"standard","meta":{"footnotes":""},"categories":[23],"tags":[],"class_list":["post-9668","post","type-post","status-publish","format-standard","has-post-thumbnail","hentry","category-chapadao-do-sul"],"_links":{"self":[{"href":"https:\/\/www.ocorreionews.com.br\/acervo-correio\/index.php?rest_route=\/wp\/v2\/posts\/9668","targetHints":{"allow":["GET"]}}],"collection":[{"href":"https:\/\/www.ocorreionews.com.br\/acervo-correio\/index.php?rest_route=\/wp\/v2\/posts"}],"about":[{"href":"https:\/\/www.ocorreionews.com.br\/acervo-correio\/index.php?rest_route=\/wp\/v2\/types\/post"}],"author":[{"embeddable":true,"href":"https:\/\/www.ocorreionews.com.br\/acervo-correio\/index.php?rest_route=\/wp\/v2\/users\/4"}],"replies":[{"embeddable":true,"href":"https:\/\/www.ocorreionews.com.br\/acervo-correio\/index.php?rest_route=%2Fwp%2Fv2%2Fcomments&post=9668"}],"version-history":[{"count":0,"href":"https:\/\/www.ocorreionews.com.br\/acervo-correio\/index.php?rest_route=\/wp\/v2\/posts\/9668\/revisions"}],"wp:featuredmedia":[{"embeddable":true,"href":"https:\/\/www.ocorreionews.com.br\/acervo-correio\/index.php?rest_route=\/wp\/v2\/media\/9669"}],"wp:attachment":[{"href":"https:\/\/www.ocorreionews.com.br\/acervo-correio\/index.php?rest_route=%2Fwp%2Fv2%2Fmedia&parent=9668"}],"wp:term":[{"taxonomy":"category","embeddable":true,"href":"https:\/\/www.ocorreionews.com.br\/acervo-correio\/index.php?rest_route=%2Fwp%2Fv2%2Fcategories&post=9668"},{"taxonomy":"post_tag","embeddable":true,"href":"https:\/\/www.ocorreionews.com.br\/acervo-correio\/index.php?rest_route=%2Fwp%2Fv2%2Ftags&post=9668"}],"curies":[{"name":"wp","href":"https:\/\/api.w.org\/{rel}","templated":true}]}}