{"id":9678,"date":"2015-09-10T09:31:59","date_gmt":"2015-09-10T13:31:59","guid":{"rendered":"https:\/\/ocorreionews.com.br\/?p=9678"},"modified":"2015-09-10T09:31:59","modified_gmt":"2015-09-10T13:31:59","slug":"soja-louca-ii-e-reconhecida-como-nova-doenca-da-soja-pelo-mapa","status":"publish","type":"post","link":"https:\/\/www.ocorreionews.com.br\/acervo-correio\/?p=9678","title":{"rendered":"Soja Louca II \u00e9 reconhecida como nova doen\u00e7a da soja pelo Mapa"},"content":{"rendered":"<p>O<strong> Minist\u00e9rio da Agricultura, Pecu\u00e1ria e Abastecimento (Mapa) <\/strong>reconheceu a <strong>&#8220;Soja Louca II&#8221;<\/strong>(SLII) como uma <strong>nova doen\u00e7a<\/strong> que amea\u00e7a a cultura da soja no Brasil. \u00a0Fazia pelo menos 10 anos que pesquisadores da Embrapa trabalhavam na identifica\u00e7\u00e3o da causa e, de acordo com eles, o que provoca a doen\u00e7a \u00e9 o nematoide\u00a0<strong>Aphelenchoides sp<\/strong>.<\/p>\n<p>&#8220;A identifica\u00e7\u00e3o do agente causal da SL-II representa uma descoberta importante, porque direciona as atividades de pesquisa para a defini\u00e7\u00e3o das estrat\u00e9gias de <strong>manejo<\/strong>, o que trar\u00e1 um enorme alento aos produtores que amargam\u00a0 preju\u00edzos com uma doen\u00e7a at\u00e9 ent\u00e3o desconhecida&#8221;, revela o pesquisador Maur\u00edcio Meyer, da <strong>Embrapa Soja.<\/strong><\/p>\n<p>Desde a safra 2005\/2006, a Soja Louca II vem causando redu\u00e7\u00f5es de at\u00e9 60% na <strong>produtividade da soja<\/strong>, principalmente em regi\u00f5es quentes e chuvosas como os estados do Maranh\u00e3o, Tocantins, Par\u00e1 e Mato Grosso. A doen\u00e7a apresenta como sintomas principais: plantas de soja com <strong>haste verde<\/strong>, <strong>reten\u00e7\u00e3o foliar<\/strong> e <strong>abortamento de vagens\u00a0<\/strong>antes de finalizar seu ciclo.<\/p>\n<p>Quando o problema foi detectado, os pesquisadores descartaram as hip\u00f3teses de ataque de\u00a0<strong>percevejo,\u00a0<\/strong>agente causador da Soja Louca I, <strong>problemas nutricionais<\/strong> ou dist\u00farbios fisiol\u00f3gicos da planta. &#8220;Esses sintomas, observados na d\u00e9cada de 1980 em algumas \u00e1reas de soja, eram conhecidos por Soja Louca e tamb\u00e9m causavam a incid\u00eancia de haste verde e reten\u00e7\u00e3o foliar no final do ciclo da cultura, mas a Soja Louca II era diferente&#8221;, explica Meyer.<\/p>\n<p>Para identificar as poss\u00edveis causas do problema, monitorar sua ocorr\u00eancia e propor alternativas de manejo, em 2011, o pesquisador Maur\u00edcio Meyer desenvolveu pesquisa em parceria com diversas institui\u00e7\u00f5es.<\/p>\n<p>A primeira comprova\u00e7\u00e3o foi que a Soja Louca II n\u00e3o era causada por <strong>\u00e1caros <\/strong>ou<strong> v\u00edrus<\/strong>. A partir de 2012, os trabalhos de pesquisa se voltaram a investigar a associa\u00e7\u00e3o de <strong>nematoides<\/strong> do g\u00eanero Aphelenchoides \u00e0 ocorr\u00eancia de SL-II, constatando-se frequentemente sua presen\u00e7a em amostras de plantas com sintomas.<\/p>\n<p>Somente em mar\u00e7o de 2015, a Embrapa e a <strong>Empresa de Pesquisa Agropecu\u00e1ria de Minas Gerais (Epamig)<\/strong> conseguiram isolar e multiplicar o nematoide Aphelenchoides sp.,\u00a0 por meio do aperfei\u00e7oamento e da adapta\u00e7\u00e3o de m\u00e9todos laboratoriais.<\/p>\n<p>Amostras de hastes e folhas de soja, coletadas em \u00e1reas comerciais e experimentais no <strong>Maranh\u00e3o<\/strong> e no <strong>Par\u00e1<\/strong>, com e sem os sintomas de Soja Louca II foram enviadas ao laborat\u00f3rio da Epamig, em Uberaba (MG), quando se observou elevada concentra\u00e7\u00e3o do nematoide apenas nas amostras de plantas sintom\u00e1ticas.<\/p>\n<p>De acordo com Luciany Favoreto, pesquisadora da Epamig, a an\u00e1lise foi feita por meio de uma metodologia adequada ao g\u00eanero do nematoide, revelando sua associa\u00e7\u00e3o com a SL-II.<br \/>\nSintomas da doen\u00e7a\u00a0Meyer diz que os sintomas da SL-II s\u00e3o observados no in\u00edcio da fase<strong>reprodutiva da soja<\/strong>, que apresenta <strong>afilamento das folhas<\/strong> do topo das plantas, enrugamento das folhas e engrossamento das suas nervuras.<\/p>\n<p>Meyer explica que as folhas com sintomas apresentam colora\u00e7\u00e3o mais escura e <strong>menor pilosidade<\/strong>em rela\u00e7\u00e3o \u00e0s normais. Tamb\u00e9m \u00e9 observado que as hastes exibem deforma\u00e7\u00f5es e engrossamento dos n\u00f3s. As <strong>vagens<\/strong> podem apresentar les\u00f5es, rachaduras, apodrecimento e redu\u00e7\u00e3o do n\u00famero de gr\u00e3os.<\/p>\n<p>O pesquisador releva ainda que as plantas afetadas registram um <strong>alto \u00edndice de abortamento <\/strong>de vagens, provocando a indu\u00e7\u00e3o de uma nova flora\u00e7\u00e3o e sintomas de <strong>superbrotamento<\/strong>. &#8220;Esse abortamento \u00e9 mais intenso na parte superior das plantas, diminuindo em dire\u00e7\u00e3o \u00e0 base, o que impede o processo natural de matura\u00e7\u00e3o, permanecendo a planta verde mesmo ap\u00f3s a aplica\u00e7\u00e3o de herbicidas dessecantes&#8221;, relata.<\/p>\n<p>&nbsp;<\/p>\n<p>&nbsp;<\/p>\n<p>Globo Rural<\/p>\n","protected":false},"excerpt":{"rendered":"<p>O Minist\u00e9rio da Agricultura, Pecu\u00e1ria e Abastecimento (Mapa) reconheceu a &#8220;Soja Louca II&#8221;(SLII) como uma nova doen\u00e7a que amea\u00e7a a cultura da soja no Brasil. \u00a0Fazia pelo menos 10 anos que pesquisadores da Embrapa trabalhavam na identifica\u00e7\u00e3o da causa e, de acordo com eles, o que provoca a doen\u00e7a \u00e9 o nematoide\u00a0Aphelenchoides sp. &#8220;A identifica\u00e7\u00e3o [&hellip;]<\/p>\n","protected":false},"author":4,"featured_media":9675,"comment_status":"closed","ping_status":"closed","sticky":false,"template":"","format":"standard","meta":{"footnotes":""},"categories":[17],"tags":[],"class_list":["post-9678","post","type-post","status-publish","format-standard","has-post-thumbnail","hentry","category-agropecuaria"],"_links":{"self":[{"href":"https:\/\/www.ocorreionews.com.br\/acervo-correio\/index.php?rest_route=\/wp\/v2\/posts\/9678","targetHints":{"allow":["GET"]}}],"collection":[{"href":"https:\/\/www.ocorreionews.com.br\/acervo-correio\/index.php?rest_route=\/wp\/v2\/posts"}],"about":[{"href":"https:\/\/www.ocorreionews.com.br\/acervo-correio\/index.php?rest_route=\/wp\/v2\/types\/post"}],"author":[{"embeddable":true,"href":"https:\/\/www.ocorreionews.com.br\/acervo-correio\/index.php?rest_route=\/wp\/v2\/users\/4"}],"replies":[{"embeddable":true,"href":"https:\/\/www.ocorreionews.com.br\/acervo-correio\/index.php?rest_route=%2Fwp%2Fv2%2Fcomments&post=9678"}],"version-history":[{"count":0,"href":"https:\/\/www.ocorreionews.com.br\/acervo-correio\/index.php?rest_route=\/wp\/v2\/posts\/9678\/revisions"}],"wp:featuredmedia":[{"embeddable":true,"href":"https:\/\/www.ocorreionews.com.br\/acervo-correio\/index.php?rest_route=\/wp\/v2\/media\/9675"}],"wp:attachment":[{"href":"https:\/\/www.ocorreionews.com.br\/acervo-correio\/index.php?rest_route=%2Fwp%2Fv2%2Fmedia&parent=9678"}],"wp:term":[{"taxonomy":"category","embeddable":true,"href":"https:\/\/www.ocorreionews.com.br\/acervo-correio\/index.php?rest_route=%2Fwp%2Fv2%2Fcategories&post=9678"},{"taxonomy":"post_tag","embeddable":true,"href":"https:\/\/www.ocorreionews.com.br\/acervo-correio\/index.php?rest_route=%2Fwp%2Fv2%2Ftags&post=9678"}],"curies":[{"name":"wp","href":"https:\/\/api.w.org\/{rel}","templated":true}]}}