{"id":9680,"date":"2015-09-10T09:51:35","date_gmt":"2015-09-10T13:51:35","guid":{"rendered":"https:\/\/ocorreionews.com.br\/?p=9680"},"modified":"2015-09-10T09:51:35","modified_gmt":"2015-09-10T13:51:35","slug":"reforma-de-r-92-mil-tem-custo-zero-com-trabalho-de-presos-em-ms","status":"publish","type":"post","link":"https:\/\/www.ocorreionews.com.br\/acervo-correio\/?p=9680","title":{"rendered":"Reforma de R$ 92 mil tem custo zero com trabalho de presos em MS"},"content":{"rendered":"<p>Or\u00e7ada em R$ 92 mil, a reforma da escola estadual Professora Flavina Maria da Silva, no Jardim Botafogo, em Campo Grande, teve custo zero para os cofres p\u00fablicos de Mato Grosso do Sul. A economia foi poss\u00edvel atrav\u00e9s do aproveitamento da m\u00e3o de obra e de recursos vindos dos presos atrav\u00e9s de um desconto no sal\u00e1rio deles, previsto na Lei de Execu\u00e7\u00f5es Penais. O projeto &#8220;Pintando e Revitalizando a Educa\u00e7\u00e3o com Liberdade&#8221;, aplicado em quatro escolas, j\u00e1 gerou economia de R$ 1,2 milh\u00e3o de recursos p\u00fablicos.<\/p>\n<p>As informa\u00e7\u00f5es s\u00e3o da Ag\u00eancia Estadual de Administra\u00e7\u00e3o do Sistema Penitenci\u00e1rio (Agepen). Segundo o \u00f3rg\u00e3o, a mais recente reforma foi entregue pelo governo na \u00faltima quarta-feira (9). Em julho de 2015, 13 detentos do regime semiaberto do Centro Penal Agroindustrial da Gameleira trabalharam no projeto da escola.<\/p>\n<div class=\"saibamais componente_materia\">A reforma teve reconstru\u00e7\u00e3o do cal\u00e7amento do p\u00e1tio, instala\u00e7\u00e3o de tubula\u00e7\u00f5es e grades de escoamento da \u00e1gua da chuva, constru\u00e7\u00e3o de passarelas, revitaliza\u00e7\u00e3o do telhado de uma sala de aula e pintura e reforma da parte el\u00e9trica e hidr\u00e1ulica dos banheiros do col\u00e9gio.<\/div>\n<p>Al\u00e9m da for\u00e7a de trabalho dos detentos, o projeto tamb\u00e9m usa recursos provenientes do desconto de 10% dos sal\u00e1rios de todos os presos do semiaberto que foram encaminhados ao mercado de trabalho.<\/p>\n<p>Esse desconto \u00e9 previsto por Lei de Execu\u00e7\u00e3o Penal (LEP) e foi regulamentado pelo juiz titular da 2\u00aa Vara de Execu\u00e7\u00e3o Penal de Campo Grande, Albino Coimbra Neto.<\/p>\n<p>A iniciativa do projeto \u00e9 da 2\u00aa Vara de Execu\u00e7\u00e3o Penal e tem a parceria do governo do estado e da Agepen. J\u00e1 foram beneficiadas com o projeto as escolas estaduais Delmira Ramos, no Bairro Coophavilla II; Brasilina Ferraz Mantero, no Jardim Leblon, e Padre M\u00e1rio Blandino, no Aero Rancho, al\u00e9m do hospital psiqui\u00e1trico Nosso Lar, que teve a cal\u00e7ada reformada.<\/p>\n<div class=\"foto componente_materia midia-largura-620\">\n<figure style=\"width: 620px\" class=\"wp-caption alignnone\"><img loading=\"lazy\" decoding=\"async\" title=\"Projeto usa m\u00e3o de obra e dinheiro dos presos para reformas de escolas (Foto: Chico Ribeiro\/ Assessoria de Impresa do Governo de MS)\" src=\"http:\/\/s2.glbimg.com\/vinbYN3Wgrlt8RqLf7MrvD5_Cn0=\/s.glbimg.com\/jo\/g1\/f\/original\/2015\/09\/10\/edescola-13.jpg\" alt=\"Projeto usa m\u00e3o de obra e dinheiro dos presos para reformas de escolas (Foto: Chico Ribeiro\/ Assessoria de Impresa do Governo de MS)\" width=\"620\" height=\"465\" \/><figcaption class=\"wp-caption-text\">Projeto usa trabalho e dinheiro dos presos (Foto: Chico Ribeiro\/ Assessoria de Impresa do Governo de MS)<\/figcaption><\/figure>\n<\/div>\n","protected":false},"excerpt":{"rendered":"<p>Or\u00e7ada em R$ 92 mil, a reforma da escola estadual Professora Flavina Maria da Silva, no Jardim Botafogo, em Campo Grande, teve custo zero para os cofres p\u00fablicos de Mato Grosso do Sul. A economia foi poss\u00edvel atrav\u00e9s do aproveitamento da m\u00e3o de obra e de recursos vindos dos presos atrav\u00e9s de um desconto no [&hellip;]<\/p>\n","protected":false},"author":4,"featured_media":9681,"comment_status":"closed","ping_status":"closed","sticky":false,"template":"","format":"standard","meta":{"footnotes":""},"categories":[31],"tags":[],"class_list":["post-9680","post","type-post","status-publish","format-standard","has-post-thumbnail","hentry","category-geral"],"_links":{"self":[{"href":"https:\/\/www.ocorreionews.com.br\/acervo-correio\/index.php?rest_route=\/wp\/v2\/posts\/9680","targetHints":{"allow":["GET"]}}],"collection":[{"href":"https:\/\/www.ocorreionews.com.br\/acervo-correio\/index.php?rest_route=\/wp\/v2\/posts"}],"about":[{"href":"https:\/\/www.ocorreionews.com.br\/acervo-correio\/index.php?rest_route=\/wp\/v2\/types\/post"}],"author":[{"embeddable":true,"href":"https:\/\/www.ocorreionews.com.br\/acervo-correio\/index.php?rest_route=\/wp\/v2\/users\/4"}],"replies":[{"embeddable":true,"href":"https:\/\/www.ocorreionews.com.br\/acervo-correio\/index.php?rest_route=%2Fwp%2Fv2%2Fcomments&post=9680"}],"version-history":[{"count":0,"href":"https:\/\/www.ocorreionews.com.br\/acervo-correio\/index.php?rest_route=\/wp\/v2\/posts\/9680\/revisions"}],"wp:featuredmedia":[{"embeddable":true,"href":"https:\/\/www.ocorreionews.com.br\/acervo-correio\/index.php?rest_route=\/wp\/v2\/media\/9681"}],"wp:attachment":[{"href":"https:\/\/www.ocorreionews.com.br\/acervo-correio\/index.php?rest_route=%2Fwp%2Fv2%2Fmedia&parent=9680"}],"wp:term":[{"taxonomy":"category","embeddable":true,"href":"https:\/\/www.ocorreionews.com.br\/acervo-correio\/index.php?rest_route=%2Fwp%2Fv2%2Fcategories&post=9680"},{"taxonomy":"post_tag","embeddable":true,"href":"https:\/\/www.ocorreionews.com.br\/acervo-correio\/index.php?rest_route=%2Fwp%2Fv2%2Ftags&post=9680"}],"curies":[{"name":"wp","href":"https:\/\/api.w.org\/{rel}","templated":true}]}}