{"id":9683,"date":"2015-09-10T09:58:05","date_gmt":"2015-09-10T13:58:05","guid":{"rendered":"https:\/\/ocorreionews.com.br\/?p=9683"},"modified":"2015-09-10T09:58:05","modified_gmt":"2015-09-10T13:58:05","slug":"prefeitura-de-paraiso-conclui-reforma-da-ponte-do-corrego-lageadinho","status":"publish","type":"post","link":"https:\/\/www.ocorreionews.com.br\/acervo-correio\/?p=9683","title":{"rendered":"Prefeitura de Para\u00edso conclui reforma da ponte do C\u00f3rrego Lageadinho"},"content":{"rendered":"<p><a href=\"https:\/\/ocorreionews.com.br\/wp-content\/uploads\/2015\/09\/ponte-lageadinho.jpg\"><img loading=\"lazy\" decoding=\"async\" class=\"alignleft wp-image-9685\" src=\"https:\/\/ocorreionews.com.br\/wp-content\/uploads\/2015\/09\/ponte-lageadinho.jpg\" alt=\"ponte lageadinho\" width=\"287\" height=\"413\" srcset=\"https:\/\/www.ocorreionews.com.br\/acervo-correio\/wp-content\/uploads\/2015\/09\/ponte-lageadinho.jpg 2338w, https:\/\/www.ocorreionews.com.br\/acervo-correio\/wp-content\/uploads\/2015\/09\/ponte-lageadinho-209x300.jpg 209w, https:\/\/www.ocorreionews.com.br\/acervo-correio\/wp-content\/uploads\/2015\/09\/ponte-lageadinho-712x1024.jpg 712w\" sizes=\"auto, (max-width: 287px) 100vw, 287px\" \/><\/a>Na \u00faltima segunda-feira, dia 07 de setembro, foi conclu\u00edda a reforma da ponte do C\u00f3rrego Lageadinho, que fica na divisa dos munic\u00edpios de Costa Rica e Para\u00edso das \u00c1guas.<\/p>\n<p>A obra foi uma parceria entre os munic\u00edpios, sendo que Costa Rica entrou com o madeiramento e Para\u00edso das \u00c1guas com a m\u00e3o de obra, or\u00e7ada em R$14.910,00 (quatorze mil novecentos e dez reais), pagos com recursos do Fundesul.<\/p>\n<p>A ponte mede seis metros de comprimento por quatro metros de largura, e vai possibilitar mais conforto para quem trafega por aquela regi\u00e3o.<\/p>\n<p>\u201cA obra foi realizada para melhorar o tr\u00e2nsito e facilitar a vida das pessoas que passam por aquele local\u201d, mencionou o secret\u00e1rio de infraestrutura rural e urbana Daniel Gr\u00e9gio.<\/p>\n<p>&nbsp;<\/p>\n<p>ASSECOM- Prefeitura Municipal de Para\u00edso das \u00c1guas- MS<\/p>\n","protected":false},"excerpt":{"rendered":"<p>Na \u00faltima segunda-feira, dia 07 de setembro, foi conclu\u00edda a reforma da ponte do C\u00f3rrego Lageadinho, que fica na divisa dos munic\u00edpios de Costa Rica e Para\u00edso das \u00c1guas. A obra foi uma parceria entre os munic\u00edpios, sendo que Costa Rica entrou com o madeiramento e Para\u00edso das \u00c1guas com a m\u00e3o de obra, or\u00e7ada [&hellip;]<\/p>\n","protected":false},"author":4,"featured_media":9684,"comment_status":"closed","ping_status":"closed","sticky":false,"template":"","format":"standard","meta":{"footnotes":""},"categories":[36],"tags":[],"class_list":["post-9683","post","type-post","status-publish","format-standard","has-post-thumbnail","hentry","category-paraiso-das-aguas"],"_links":{"self":[{"href":"https:\/\/www.ocorreionews.com.br\/acervo-correio\/index.php?rest_route=\/wp\/v2\/posts\/9683","targetHints":{"allow":["GET"]}}],"collection":[{"href":"https:\/\/www.ocorreionews.com.br\/acervo-correio\/index.php?rest_route=\/wp\/v2\/posts"}],"about":[{"href":"https:\/\/www.ocorreionews.com.br\/acervo-correio\/index.php?rest_route=\/wp\/v2\/types\/post"}],"author":[{"embeddable":true,"href":"https:\/\/www.ocorreionews.com.br\/acervo-correio\/index.php?rest_route=\/wp\/v2\/users\/4"}],"replies":[{"embeddable":true,"href":"https:\/\/www.ocorreionews.com.br\/acervo-correio\/index.php?rest_route=%2Fwp%2Fv2%2Fcomments&post=9683"}],"version-history":[{"count":0,"href":"https:\/\/www.ocorreionews.com.br\/acervo-correio\/index.php?rest_route=\/wp\/v2\/posts\/9683\/revisions"}],"wp:featuredmedia":[{"embeddable":true,"href":"https:\/\/www.ocorreionews.com.br\/acervo-correio\/index.php?rest_route=\/wp\/v2\/media\/9684"}],"wp:attachment":[{"href":"https:\/\/www.ocorreionews.com.br\/acervo-correio\/index.php?rest_route=%2Fwp%2Fv2%2Fmedia&parent=9683"}],"wp:term":[{"taxonomy":"category","embeddable":true,"href":"https:\/\/www.ocorreionews.com.br\/acervo-correio\/index.php?rest_route=%2Fwp%2Fv2%2Fcategories&post=9683"},{"taxonomy":"post_tag","embeddable":true,"href":"https:\/\/www.ocorreionews.com.br\/acervo-correio\/index.php?rest_route=%2Fwp%2Fv2%2Ftags&post=9683"}],"curies":[{"name":"wp","href":"https:\/\/api.w.org\/{rel}","templated":true}]}}