{"id":9687,"date":"2015-09-10T10:01:54","date_gmt":"2015-09-10T14:01:54","guid":{"rendered":"https:\/\/ocorreionews.com.br\/?p=9687"},"modified":"2015-09-10T10:01:54","modified_gmt":"2015-09-10T14:01:54","slug":"prefeito-de-paraiso-das-aguas-prepara-uma-cerimonia-especial-de-inauguracao-do-sinal-de-celular","status":"publish","type":"post","link":"https:\/\/www.ocorreionews.com.br\/acervo-correio\/?p=9687","title":{"rendered":"Prefeito de Para\u00edso das \u00c1guas prepara uma cerim\u00f4nia especial de inaugura\u00e7\u00e3o do sinal de celular"},"content":{"rendered":"<p><span style=\"font-family: helvetica; font-size: medium;\">O prefeito de Para\u00edso das \u00c1guas, Ivan da Cruz Pereira (XIXI\/PMDB), informou que o munic\u00edpio prepara uma cerim\u00f4nia de inaugura\u00e7\u00e3o do sinal de celular, no pr\u00f3ximo dia 18\/09\/2015 (sexta-feira), \u00e0s 10h30, em local ainda \u00e0 definir.<\/span><\/p>\n<div><span style=\"font-family: helvetica; font-size: medium;\">\u00a0<\/span><\/div>\n<div><span style=\"font-family: helvetica; font-size: medium;\"><b><i>&#8220;Ap\u00f3s tantos anos de espera e de luta, merecemos uma comemora\u00e7\u00e3o!&#8221;<\/i><\/b>, enfatizou Ivan XIXI. Est\u00e1 confirmada a presen\u00e7a de diversas autoridades estaduais e federais, inclusive da diretoria da operadora Vivo de Mato Grosso do Sul.<\/span><\/div>\n<div><span style=\"font-family: helvetica; font-size: medium;\">\u00a0<\/span><\/div>\n<div><span style=\"font-family: helvetica; font-size: medium;\">\u00c9 grande a espera pela cobertura de sinal de telefonia m\u00f3vel em Para\u00edso das \u00c1guas e alguns usu\u00e1rios j\u00e1 sentiram o &#8220;gostinho&#8221; de estar conectado com o mundo por meio do aparelho celular, onde v\u00e1rios tipos de aparelhos j\u00e1 est\u00e3o aptos a originar e receber chamadas, assim como acessar \u00e0 internet.<\/span><\/div>\n<div><span style=\"font-family: helvetica; font-size: medium;\">\u00a0<\/span><\/div>\n<div><span style=\"font-family: helvetica; font-size: medium;\">A operadora ainda realiza alguns reparos e ajustes, para que no dia 18, tudo esteja funcionando normalmente.<\/span><\/div>\n<div><span style=\"font-family: helvetica; font-size: medium;\">\u00a0<\/span><\/div>\n<div><span style=\"font-family: helvetica; font-size: medium;\">O sinal de celular chega no munic\u00edpio no m\u00eas em que Para\u00edso das \u00c1guas comemora seu anivers\u00e1rio de emancipa\u00e7\u00e3o pol\u00edtico-administrativa. <b><i>&#8220;Um m\u00eas muito especial para o munic\u00edpio, avan\u00e7amos muito e agora com a chegada desta tecnologia, avan\u00e7aremos ainda mais&#8221;<\/i><\/b>, alegou o prefeito.\u00a0<\/span><\/div>\n<div><\/div>\n<div><\/div>\n<div><\/div>\n<div>Fonte: Brito News; Foto Arquivo &#8211;\u00a0O prefeito Ivan Xixi apresentando aos vereadores, o projeto t\u00e9cnico da torre no in\u00edcio do ano.<\/div>\n","protected":false},"excerpt":{"rendered":"<p>O prefeito de Para\u00edso das \u00c1guas, Ivan da Cruz Pereira (XIXI\/PMDB), informou que o munic\u00edpio prepara uma cerim\u00f4nia de inaugura\u00e7\u00e3o do sinal de celular, no pr\u00f3ximo dia 18\/09\/2015 (sexta-feira), \u00e0s 10h30, em local ainda \u00e0 definir. \u00a0 &#8220;Ap\u00f3s tantos anos de espera e de luta, merecemos uma comemora\u00e7\u00e3o!&#8221;, enfatizou Ivan XIXI. Est\u00e1 confirmada a presen\u00e7a [&hellip;]<\/p>\n","protected":false},"author":4,"featured_media":9688,"comment_status":"closed","ping_status":"closed","sticky":false,"template":"","format":"standard","meta":{"footnotes":""},"categories":[36],"tags":[],"class_list":["post-9687","post","type-post","status-publish","format-standard","has-post-thumbnail","hentry","category-paraiso-das-aguas"],"_links":{"self":[{"href":"https:\/\/www.ocorreionews.com.br\/acervo-correio\/index.php?rest_route=\/wp\/v2\/posts\/9687","targetHints":{"allow":["GET"]}}],"collection":[{"href":"https:\/\/www.ocorreionews.com.br\/acervo-correio\/index.php?rest_route=\/wp\/v2\/posts"}],"about":[{"href":"https:\/\/www.ocorreionews.com.br\/acervo-correio\/index.php?rest_route=\/wp\/v2\/types\/post"}],"author":[{"embeddable":true,"href":"https:\/\/www.ocorreionews.com.br\/acervo-correio\/index.php?rest_route=\/wp\/v2\/users\/4"}],"replies":[{"embeddable":true,"href":"https:\/\/www.ocorreionews.com.br\/acervo-correio\/index.php?rest_route=%2Fwp%2Fv2%2Fcomments&post=9687"}],"version-history":[{"count":0,"href":"https:\/\/www.ocorreionews.com.br\/acervo-correio\/index.php?rest_route=\/wp\/v2\/posts\/9687\/revisions"}],"wp:featuredmedia":[{"embeddable":true,"href":"https:\/\/www.ocorreionews.com.br\/acervo-correio\/index.php?rest_route=\/wp\/v2\/media\/9688"}],"wp:attachment":[{"href":"https:\/\/www.ocorreionews.com.br\/acervo-correio\/index.php?rest_route=%2Fwp%2Fv2%2Fmedia&parent=9687"}],"wp:term":[{"taxonomy":"category","embeddable":true,"href":"https:\/\/www.ocorreionews.com.br\/acervo-correio\/index.php?rest_route=%2Fwp%2Fv2%2Fcategories&post=9687"},{"taxonomy":"post_tag","embeddable":true,"href":"https:\/\/www.ocorreionews.com.br\/acervo-correio\/index.php?rest_route=%2Fwp%2Fv2%2Ftags&post=9687"}],"curies":[{"name":"wp","href":"https:\/\/api.w.org\/{rel}","templated":true}]}}