{"id":9691,"date":"2015-09-10T10:23:50","date_gmt":"2015-09-10T14:23:50","guid":{"rendered":"https:\/\/ocorreionews.com.br\/?p=9691"},"modified":"2015-09-10T10:23:50","modified_gmt":"2015-09-10T14:23:50","slug":"proerd-foi-lancado-em-figueirao","status":"publish","type":"post","link":"https:\/\/www.ocorreionews.com.br\/acervo-correio\/?p=9691","title":{"rendered":"PROERD foi lan\u00e7ado em Figueir\u00e3o"},"content":{"rendered":"<p>Foi lan\u00e7ado oficialmente o Programa Educacional de Resist\u00eancia \u00e0s Drogas (PROERD) na manh\u00e3 de 8 de setembro, em cerim\u00f4nia simples no gabinete do prefeito de Figueir\u00e3o.<\/p>\n<p>O evento contou com a presen\u00e7a do prefeito Rog\u00e9rio Rosalin, Secret\u00e1ria Municipal de Educa\u00e7\u00e3o, Cultura e Esporte Luciane Aimi Ramos, Cabo PM Hernandes do Carmo &#8211; Comandante do 3\u00ba Grupamento da Policia Militar de Figueir\u00e3o, soldado Renan Souza e a soldado Joyce Barreto, que dever\u00e1 monitorar o projeto nas escolas.<\/p>\n<p>Na oportunidade, foi assinado acordo entre a Prefeitura Municipal de Figueir\u00e3o, com a interveni\u00eancia da Secretaria Municipal de Educa\u00e7\u00e3o, Cultura e Esporte, para a implanta\u00e7\u00e3o no munic\u00edpio do Programa PROERD (Programa Educacional de Resist\u00eancia \u00e0s Drogas e \u00e0 Viol\u00eancia), que ter\u00e1 como Monitora a policial militar Joyce Barreto.<\/p>\n<p>O prefeito da cidade Rog\u00e9rio Rosalin acredita que o trabalho \u00e9 importante para os alunos porque propicia o afastamento deles com as drogas e viol\u00eancia.<\/p>\n<p>O PROERD \u00e9 um programa do Governo do Estado de Mato Grosso do Sul, atrav\u00e9s da Secretaria de Estado de Justi\u00e7a e Seguran\u00e7a P\u00fablica, que visa combater as drogas e a viol\u00eancia em ambiente escolar.<\/p>\n<p>O trabalho inicial ser\u00e1 desenvolvido com a turma do 5\u00ba ano da Escola Municipal Professor Antonio In\u00e1cio Furtado-Polo, onde no dia 9 de setembro, foram distribu\u00eddas as apostilhas do curso, que durar\u00e1 at\u00e9 o m\u00eas de dezembro.<\/p>\n<p><a href=\"https:\/\/ocorreionews.com.br\/wp-content\/uploads\/2015\/09\/proerd-foi-lancado-em-figueirao.jpg\"><img loading=\"lazy\" decoding=\"async\" class=\"alignnone size-full wp-image-9692\" src=\"https:\/\/ocorreionews.com.br\/wp-content\/uploads\/2015\/09\/proerd-foi-lancado-em-figueirao.jpg\" alt=\"proerd-foi-lancado-em-figueirao\" width=\"660\" height=\"450\" srcset=\"https:\/\/www.ocorreionews.com.br\/acervo-correio\/wp-content\/uploads\/2015\/09\/proerd-foi-lancado-em-figueirao.jpg 660w, https:\/\/www.ocorreionews.com.br\/acervo-correio\/wp-content\/uploads\/2015\/09\/proerd-foi-lancado-em-figueirao-300x205.jpg 300w\" sizes=\"auto, (max-width: 660px) 100vw, 660px\" \/><\/a><\/p>\n<div class=\"clear\"><\/div>\n<div class=\"fonte\">Fonte: Assessoria Prefeitura<\/div>\n","protected":false},"excerpt":{"rendered":"<p>Foi lan\u00e7ado oficialmente o Programa Educacional de Resist\u00eancia \u00e0s Drogas (PROERD) na manh\u00e3 de 8 de setembro, em cerim\u00f4nia simples no gabinete do prefeito de Figueir\u00e3o. O evento contou com a presen\u00e7a do prefeito Rog\u00e9rio Rosalin, Secret\u00e1ria Municipal de Educa\u00e7\u00e3o, Cultura e Esporte Luciane Aimi Ramos, Cabo PM Hernandes do Carmo &#8211; Comandante do 3\u00ba [&hellip;]<\/p>\n","protected":false},"author":4,"featured_media":9692,"comment_status":"closed","ping_status":"closed","sticky":false,"template":"","format":"standard","meta":{"footnotes":""},"categories":[30],"tags":[],"class_list":["post-9691","post","type-post","status-publish","format-standard","has-post-thumbnail","hentry","category-figueirao"],"_links":{"self":[{"href":"https:\/\/www.ocorreionews.com.br\/acervo-correio\/index.php?rest_route=\/wp\/v2\/posts\/9691","targetHints":{"allow":["GET"]}}],"collection":[{"href":"https:\/\/www.ocorreionews.com.br\/acervo-correio\/index.php?rest_route=\/wp\/v2\/posts"}],"about":[{"href":"https:\/\/www.ocorreionews.com.br\/acervo-correio\/index.php?rest_route=\/wp\/v2\/types\/post"}],"author":[{"embeddable":true,"href":"https:\/\/www.ocorreionews.com.br\/acervo-correio\/index.php?rest_route=\/wp\/v2\/users\/4"}],"replies":[{"embeddable":true,"href":"https:\/\/www.ocorreionews.com.br\/acervo-correio\/index.php?rest_route=%2Fwp%2Fv2%2Fcomments&post=9691"}],"version-history":[{"count":0,"href":"https:\/\/www.ocorreionews.com.br\/acervo-correio\/index.php?rest_route=\/wp\/v2\/posts\/9691\/revisions"}],"wp:featuredmedia":[{"embeddable":true,"href":"https:\/\/www.ocorreionews.com.br\/acervo-correio\/index.php?rest_route=\/wp\/v2\/media\/9692"}],"wp:attachment":[{"href":"https:\/\/www.ocorreionews.com.br\/acervo-correio\/index.php?rest_route=%2Fwp%2Fv2%2Fmedia&parent=9691"}],"wp:term":[{"taxonomy":"category","embeddable":true,"href":"https:\/\/www.ocorreionews.com.br\/acervo-correio\/index.php?rest_route=%2Fwp%2Fv2%2Fcategories&post=9691"},{"taxonomy":"post_tag","embeddable":true,"href":"https:\/\/www.ocorreionews.com.br\/acervo-correio\/index.php?rest_route=%2Fwp%2Fv2%2Ftags&post=9691"}],"curies":[{"name":"wp","href":"https:\/\/api.w.org\/{rel}","templated":true}]}}