{"id":9694,"date":"2015-09-10T10:15:35","date_gmt":"2015-09-10T14:15:35","guid":{"rendered":"https:\/\/ocorreionews.com.br\/?p=9694"},"modified":"2015-09-10T10:30:04","modified_gmt":"2015-09-10T14:30:04","slug":"camara-aprova-aumento-da-pena-para-crime-de-furto-de-gado","status":"publish","type":"post","link":"https:\/\/www.ocorreionews.com.br\/acervo-correio\/?p=9694","title":{"rendered":"C\u00e2mara aprova aumento da pena para crime de furto de gado"},"content":{"rendered":"<article id=\"materia-parsed-corpo\" class=\"texto\">\n<p style=\"text-align: justify;\">O plen\u00e1rio da C\u00e2mara dos Deputados aprovou, na noite de ter\u00e7a-feira (8\/9), o Projeto de Lei 6999\/13, que aumenta a pena para o crime de furto de gado, seja para consumo pr\u00f3prio ou comercializa\u00e7\u00e3o. A mat\u00e9ria ainda ser\u00e1 votada pelo Senado.<\/p>\n<p style=\"text-align: justify;\">Com a aprova\u00e7\u00e3o do PL, o crime de furto de gado, conhecido tamb\u00e9m pelo nome de <strong>abigeato<\/strong>, passar\u00e1 a ser penalizado com reclus\u00e3o de 2 a 5 anos. Hoje a pena para esse crime \u00e9 de 1 a 4 anos, com multa.<\/p>\n<div class=\"saibamais componente_materia\" style=\"text-align: justify;\">O deputado federal Valdir Colatto (PMDB\/SC) destacou a aprova\u00e7\u00e3o da mat\u00e9ria, por sua import\u00e2ncia para os produtores brasileiros que sofrem com a <strong>inseguran\u00e7a no campo<\/strong>. \u201cOs<strong>agricultores <\/strong>enfrentam a falta de policiamento, o que acaba desestimulando a <strong>pecu\u00e1ria brasileira<\/strong>, possibilitando a sonega\u00e7\u00e3o de impostos e a concorr\u00eancia desleal, e causando riscos \u00e0s<strong>exporta\u00e7\u00f5es de carne<\/strong>, que, s\u00f3 no ano passado, alcan\u00e7aram R$ 6,6 bilh\u00f5es\u201d, disse o parlamentar.<\/div>\n<p style=\"text-align: justify;\">Colatto comenta que apesar de ser direcionado principalmente ao<strong> furto de bovinos<\/strong>, a reda\u00e7\u00e3o prev\u00ea a aplica\u00e7\u00e3o da pena ao crime de furto de qualquer animal domestic\u00e1vel de produ\u00e7\u00e3o, ainda que abatido ou dividido em partes no local do furto. Ele observa que o texto aprovado acrescenta ao c\u00f3digo novo tipo penal para o crime de adquirir, receber, transportar, conduzir, ocultar, ter em dep\u00f3sito ou vender esses animais com a finalidade de produ\u00e7\u00e3o ou comercializa\u00e7\u00e3o. A pena ser\u00e1 tamb\u00e9m de reclus\u00e3o de 2 a 5 anos e multa.<\/p>\n<\/article>\n<div class=\"banner-bottom hidden-xs hidden-sm\" style=\"text-align: justify;\"><\/div>\n<div class=\"banner-bottom hidden-xs hidden-sm\" style=\"text-align: justify;\"><\/div>\n<div class=\"banner-bottom hidden-xs hidden-sm\" style=\"text-align: justify;\">Globo Rural<\/div>\n<div class=\"comentarios-gcom box-comentarios hidden-xs\">\n<div id=\"boxComentarios\" class=\"glbComentarios\">\n<div class=\"glbComentarios-header\">\n<div class=\"glbComentarios-contador\" style=\"text-align: justify;\"><\/div>\n<\/div>\n<\/div>\n<\/div>\n","protected":false},"excerpt":{"rendered":"<p>O plen\u00e1rio da C\u00e2mara dos Deputados aprovou, na noite de ter\u00e7a-feira (8\/9), o Projeto de Lei 6999\/13, que aumenta a pena para o crime de furto de gado, seja para consumo pr\u00f3prio ou comercializa\u00e7\u00e3o. A mat\u00e9ria ainda ser\u00e1 votada pelo Senado. Com a aprova\u00e7\u00e3o do PL, o crime de furto de gado, conhecido tamb\u00e9m pelo [&hellip;]<\/p>\n","protected":false},"author":4,"featured_media":5956,"comment_status":"closed","ping_status":"closed","sticky":false,"template":"","format":"standard","meta":{"footnotes":""},"categories":[37],"tags":[],"class_list":["post-9694","post","type-post","status-publish","format-standard","has-post-thumbnail","hentry","category-politica"],"_links":{"self":[{"href":"https:\/\/www.ocorreionews.com.br\/acervo-correio\/index.php?rest_route=\/wp\/v2\/posts\/9694","targetHints":{"allow":["GET"]}}],"collection":[{"href":"https:\/\/www.ocorreionews.com.br\/acervo-correio\/index.php?rest_route=\/wp\/v2\/posts"}],"about":[{"href":"https:\/\/www.ocorreionews.com.br\/acervo-correio\/index.php?rest_route=\/wp\/v2\/types\/post"}],"author":[{"embeddable":true,"href":"https:\/\/www.ocorreionews.com.br\/acervo-correio\/index.php?rest_route=\/wp\/v2\/users\/4"}],"replies":[{"embeddable":true,"href":"https:\/\/www.ocorreionews.com.br\/acervo-correio\/index.php?rest_route=%2Fwp%2Fv2%2Fcomments&post=9694"}],"version-history":[{"count":0,"href":"https:\/\/www.ocorreionews.com.br\/acervo-correio\/index.php?rest_route=\/wp\/v2\/posts\/9694\/revisions"}],"wp:featuredmedia":[{"embeddable":true,"href":"https:\/\/www.ocorreionews.com.br\/acervo-correio\/index.php?rest_route=\/wp\/v2\/media\/5956"}],"wp:attachment":[{"href":"https:\/\/www.ocorreionews.com.br\/acervo-correio\/index.php?rest_route=%2Fwp%2Fv2%2Fmedia&parent=9694"}],"wp:term":[{"taxonomy":"category","embeddable":true,"href":"https:\/\/www.ocorreionews.com.br\/acervo-correio\/index.php?rest_route=%2Fwp%2Fv2%2Fcategories&post=9694"},{"taxonomy":"post_tag","embeddable":true,"href":"https:\/\/www.ocorreionews.com.br\/acervo-correio\/index.php?rest_route=%2Fwp%2Fv2%2Ftags&post=9694"}],"curies":[{"name":"wp","href":"https:\/\/api.w.org\/{rel}","templated":true}]}}