{"id":9696,"date":"2015-09-10T10:18:39","date_gmt":"2015-09-10T14:18:39","guid":{"rendered":"https:\/\/ocorreionews.com.br\/?p=9696"},"modified":"2015-09-10T10:47:31","modified_gmt":"2015-09-10T14:47:31","slug":"policia-indicia-motorista-de-cristiano-araujo-por-duplo-homicidio-culposo","status":"publish","type":"post","link":"https:\/\/www.ocorreionews.com.br\/acervo-correio\/?p=9696","title":{"rendered":"Pol\u00edcia indicia motorista de Cristiano Ara\u00fajo por duplo homic\u00eddio culposo"},"content":{"rendered":"<p>A Pol\u00edcia Civil indiciou nesta quinta-feira (10) o motorista Ronaldo Miranda, de 40 anos, pela morte do cantor Cristiano Ara\u00fajo, 29, e pela namorada do m\u00fasico, Allana Moraes, 19, em um acidente na BR-153, em Goi\u00e1s. O condutor deve responder pelo crime de duplo homic\u00eddio culposo &#8211; quando n\u00e3o h\u00e1 a inten\u00e7\u00e3o de matar &#8211; na dire\u00e7\u00e3o de ve\u00edculo automotor.<\/p>\n<p>O delegado Fabiano Henrique Jacomelis, respons\u00e1vel pelo caso, disse que o motorista\u00a0 foi imprudente. &#8220;Houve o crime de tr\u00e2nsito, ele agiu com neglig\u00eancia no momento que transitou com as rodas n\u00e3o originais, com danos, e imprudente por dirigir em excesso de velocidade&#8221;, disse.<\/p>\n<p>A troca das rodas do ve\u00edculo, um Range Rover Sport 2015, tamb\u00e9m contribu\u00edram para o acidente, segundo o investigador. &#8220;O conjunto excesso de velocidade, danos da roda e a falta do uso de seguran\u00e7a foram determinantes para o resultado tr\u00e1gico&#8221;, destacou Jacomelis.<\/p>\n<p>O delegado explicou que, apesar de saber dos riscos, Ronaldo n\u00e3o teve a inten\u00e7\u00e3o de matar o casal. &#8220;A gente considerou que ele teve culpa consciente, pois, no \u00edntimo dele, n\u00e3o acreditava que esse evento poderia acontecer, tanto que estava no ve\u00edculo&#8221;, afirmou.<\/p>\n<p>Jacomelis n\u00e3o pediu a pris\u00e3o de Ronaldo, pois ele respondeu a todos os atos do inqu\u00e9rito policial. Se condenado, o motorista pode pegar de dois a quatro anos de pris\u00e3o.<\/p>\n<p>O <strong>G1<\/strong> entrou em contato com o escrit\u00f3rio do advogado Djalma Pereira Rezende, que defende o motorista, mas ele n\u00e3o p\u00f4de atender, pois estava em uma reuni\u00e3o. Ainda n\u00e3o houve retorno.<\/p>\n<p>O acidente ocorreu na madrugada de 24 de junho, quando o sertanejo voltava de um show em Itumbiara, no sul do estado. Al\u00e9m de Ronaldo e do casal, estava no carro Victor Leonardo, um dos empres\u00e1rios do sertanejo. Allana morreu ainda no local e Cristiano Ara\u00fajo chegou a ser socorrido, mas n\u00e3o resistiu. O motorista e o empres\u00e1rio ficaram feridos, mas receberam alta m\u00e9dica dias depois.<\/p>\n<p>O carro de Cristiano Ara\u00fajo capotou por volta das 3h30. O condutor perdeu o controle do ve\u00edculo 21 minutos ap\u00f3s fazer uma parada em um posto de combust\u00edveis, a cerca de 57 km do local do capotamento.<\/p>\n<p><strong>Investiga\u00e7\u00e3o<\/strong><br \/>\nDurante as investiga\u00e7\u00f5es, Ronaldo prestou depoimento e chorou o tempo todo, segundo Jacomelis. O condutor afirmou que n\u00e3o fez consumo de bebidas alco\u00f3licas, o que foi comprovado em uma an\u00e1lise, e negou que tivesse falando ao celular ou tenha dormido ao volante.<\/p>\n<p>Por\u00e9m, ele confessou que seguia acima da velocidade permitida na via, que \u00e9 de 110 km\/h. O condutor afirmou ainda que perdeu o controle do carro depois que um dos pneus estourou. Um relat\u00f3rio t\u00e9cnico da Land Rover, fabricante da Range Rover, carro do cantor, aponta que o ve\u00edculo estava a 179 km\/h no momento do acidente.<\/p>\n<p>Segundo o delegado, o dado do relat\u00f3rio da Land Rover ficou registrado na &#8220;caixa preta&#8221; do ve\u00edculo cinco segundos antes do acionamento dos airbags do carro. As informa\u00e7\u00f5es foram retiradas do m\u00f3dulo e enviadas para a Inglaterra, onde foram analisadas.<\/p>\n<p>&#8220;Esse n\u00famero corrobora com os depoimentos das testemunhas ouvidas no inqu\u00e9rito, inclusive a do pr\u00f3prio motorista, que assumiu estar acima da velocidade permitida&#8221;, afirmou o delegado.<\/p>\n<p>Na ocasi\u00e3o, o advogado de Ronaldo, Djalma Rezende, preferiu n\u00e3o se pronunciar, pois disse que &#8220;n\u00e3o tinha tido acesso ao relat\u00f3rio t\u00e9cnico da fabricante do ve\u00edculo&#8221;.<\/p>\n<p>Um dia antes da divulga\u00e7\u00e3o do relat\u00f3rio, o motorista havia postado fotos dele com Cristiano em uma rede social. Na legenda, ele lamentou novamente a perda do artista: &#8220;Como me faz falta&#8221;.<\/p>\n<div class=\"foto componente_materia midia-largura-620\">\n<figure style=\"width: 620px\" class=\"wp-caption alignnone\"><img loading=\"lazy\" decoding=\"async\" title=\"Carro do cantor Cristiano Ara\u00fajo, em Goi\u00e1s (Foto: T\u00e1liton Andrade\/G1)\" src=\"http:\/\/s2.glbimg.com\/wWrkvOYgEzlHTJ7MkUH2zqHwpts=\/s.glbimg.com\/jo\/g1\/f\/original\/2015\/06\/30\/carro2.jpg\" alt=\"Carro do cantor Cristiano Ara\u00fajo, em Goi\u00e1s (Foto: T\u00e1liton Andrade\/G1)\" width=\"620\" height=\"400\" \/><figcaption class=\"wp-caption-text\">Carro do cantor Cristiano Ara\u00fajo capotou na BR-153, em Goi\u00e1s (Foto: T\u00e1liton Andrade\/G1)<\/figcaption><\/figure>\n<\/div>\n<p>&nbsp;<\/p>\n<p>Fonte: G1 &#8211; GO<\/p>\n","protected":false},"excerpt":{"rendered":"<p>A Pol\u00edcia Civil indiciou nesta quinta-feira (10) o motorista Ronaldo Miranda, de 40 anos, pela morte do cantor Cristiano Ara\u00fajo, 29, e pela namorada do m\u00fasico, Allana Moraes, 19, em um acidente na BR-153, em Goi\u00e1s. O condutor deve responder pelo crime de duplo homic\u00eddio culposo &#8211; quando n\u00e3o h\u00e1 a inten\u00e7\u00e3o de matar &#8211; [&hellip;]<\/p>\n","protected":false},"author":4,"featured_media":9697,"comment_status":"closed","ping_status":"closed","sticky":false,"template":"","format":"standard","meta":{"footnotes":""},"categories":[38],"tags":[],"class_list":["post-9696","post","type-post","status-publish","format-standard","has-post-thumbnail","hentry","category-policia"],"_links":{"self":[{"href":"https:\/\/www.ocorreionews.com.br\/acervo-correio\/index.php?rest_route=\/wp\/v2\/posts\/9696","targetHints":{"allow":["GET"]}}],"collection":[{"href":"https:\/\/www.ocorreionews.com.br\/acervo-correio\/index.php?rest_route=\/wp\/v2\/posts"}],"about":[{"href":"https:\/\/www.ocorreionews.com.br\/acervo-correio\/index.php?rest_route=\/wp\/v2\/types\/post"}],"author":[{"embeddable":true,"href":"https:\/\/www.ocorreionews.com.br\/acervo-correio\/index.php?rest_route=\/wp\/v2\/users\/4"}],"replies":[{"embeddable":true,"href":"https:\/\/www.ocorreionews.com.br\/acervo-correio\/index.php?rest_route=%2Fwp%2Fv2%2Fcomments&post=9696"}],"version-history":[{"count":0,"href":"https:\/\/www.ocorreionews.com.br\/acervo-correio\/index.php?rest_route=\/wp\/v2\/posts\/9696\/revisions"}],"wp:featuredmedia":[{"embeddable":true,"href":"https:\/\/www.ocorreionews.com.br\/acervo-correio\/index.php?rest_route=\/wp\/v2\/media\/9697"}],"wp:attachment":[{"href":"https:\/\/www.ocorreionews.com.br\/acervo-correio\/index.php?rest_route=%2Fwp%2Fv2%2Fmedia&parent=9696"}],"wp:term":[{"taxonomy":"category","embeddable":true,"href":"https:\/\/www.ocorreionews.com.br\/acervo-correio\/index.php?rest_route=%2Fwp%2Fv2%2Fcategories&post=9696"},{"taxonomy":"post_tag","embeddable":true,"href":"https:\/\/www.ocorreionews.com.br\/acervo-correio\/index.php?rest_route=%2Fwp%2Fv2%2Ftags&post=9696"}],"curies":[{"name":"wp","href":"https:\/\/api.w.org\/{rel}","templated":true}]}}