{"id":9699,"date":"2015-09-10T11:25:01","date_gmt":"2015-09-10T15:25:01","guid":{"rendered":"https:\/\/ocorreionews.com.br\/?p=9699"},"modified":"2015-09-10T11:25:01","modified_gmt":"2015-09-10T15:25:01","slug":"homem-e-encontrado-morto-abracado-em-arvore-proximo-a-industria-de-celulose","status":"publish","type":"post","link":"https:\/\/www.ocorreionews.com.br\/acervo-correio\/?p=9699","title":{"rendered":"Homem \u00e9 encontrado morto abra\u00e7ado em \u00e1rvore pr\u00f3ximo a ind\u00fastria de celulose"},"content":{"rendered":"<p style=\"text-align: justify;\">Funcion\u00e1rios de uma empresa de celulose da regi\u00e3o encontraram na manh\u00e3 desta quarta-feira (9) um corpo em avan\u00e7ado estado de decomposi\u00e7\u00e3o abra\u00e7ado a uma \u00e1rvore em meio a planta\u00e7\u00e3o de Eucaliptos localizada as margens da BR-158, estrada que liga as cidades de Tr\u00eas Lagoas a Selv\u00edria.<\/p>\n<p style=\"text-align: justify;\">A Pol\u00edcia Civil de Tr\u00eas Lagoas foi comunicada do ocorrido e enviou a per\u00edcia t\u00e9cnica para a cena do crime onde foram realizados todos os procedimentos de investiga\u00e7\u00e3o e na sequ\u00eancia o corpo foi removido at\u00e9 o IMOL (Instituto M\u00e9dico e Odontol\u00f3gico Legal) onde foi submetido a necrosc\u00f3pico.<\/p>\n<p style=\"text-align: justify;\">De acordo com informa\u00e7\u00f5es da pericia a morte aconteceu a cerca de 10 dias e o exame constatou que o corpo \u00e9 de um homem adulto e de acordo com as vestes da v\u00edtima os investigadores acreditam se tratar de um andarilho.<\/p>\n<p style=\"text-align: justify;\">A causa da morte foi registrada como indeterminada j\u00e1 que o corpo n\u00e3o apresentava nenhum sinal de viol\u00eancia ou perfura\u00e7\u00f5es caracter\u00edsticas a disparos de arma de fogo ou perfura\u00e7\u00f5es de arma branca.<\/p>\n<p style=\"text-align: justify;\">At\u00e9 o momento n\u00e3o foi registrado nenhum desaparecimento na regi\u00e3o e a v\u00edtima n\u00e3o portava documento de identifica\u00e7\u00e3o e devido ao estado do corpo o homem foi enterrado na tarde desta quarta-feira (9) no Campo Santo Local, Cemit\u00e9rio Santo Ant\u00f4nio, como indigente<\/p>\n<h6>Da Reda\u00e7\u00e3o com fotos de TL Not\u00edcias<\/h6>\n","protected":false},"excerpt":{"rendered":"<p>Funcion\u00e1rios de uma empresa de celulose da regi\u00e3o encontraram na manh\u00e3 desta quarta-feira (9) um corpo em avan\u00e7ado estado de decomposi\u00e7\u00e3o abra\u00e7ado a uma \u00e1rvore em meio a planta\u00e7\u00e3o de Eucaliptos localizada as margens da BR-158, estrada que liga as cidades de Tr\u00eas Lagoas a Selv\u00edria. A Pol\u00edcia Civil de Tr\u00eas Lagoas foi comunicada do [&hellip;]<\/p>\n","protected":false},"author":4,"featured_media":9700,"comment_status":"closed","ping_status":"closed","sticky":false,"template":"","format":"standard","meta":{"footnotes":""},"categories":[38],"tags":[],"class_list":["post-9699","post","type-post","status-publish","format-standard","has-post-thumbnail","hentry","category-policia"],"_links":{"self":[{"href":"https:\/\/www.ocorreionews.com.br\/acervo-correio\/index.php?rest_route=\/wp\/v2\/posts\/9699","targetHints":{"allow":["GET"]}}],"collection":[{"href":"https:\/\/www.ocorreionews.com.br\/acervo-correio\/index.php?rest_route=\/wp\/v2\/posts"}],"about":[{"href":"https:\/\/www.ocorreionews.com.br\/acervo-correio\/index.php?rest_route=\/wp\/v2\/types\/post"}],"author":[{"embeddable":true,"href":"https:\/\/www.ocorreionews.com.br\/acervo-correio\/index.php?rest_route=\/wp\/v2\/users\/4"}],"replies":[{"embeddable":true,"href":"https:\/\/www.ocorreionews.com.br\/acervo-correio\/index.php?rest_route=%2Fwp%2Fv2%2Fcomments&post=9699"}],"version-history":[{"count":0,"href":"https:\/\/www.ocorreionews.com.br\/acervo-correio\/index.php?rest_route=\/wp\/v2\/posts\/9699\/revisions"}],"wp:featuredmedia":[{"embeddable":true,"href":"https:\/\/www.ocorreionews.com.br\/acervo-correio\/index.php?rest_route=\/wp\/v2\/media\/9700"}],"wp:attachment":[{"href":"https:\/\/www.ocorreionews.com.br\/acervo-correio\/index.php?rest_route=%2Fwp%2Fv2%2Fmedia&parent=9699"}],"wp:term":[{"taxonomy":"category","embeddable":true,"href":"https:\/\/www.ocorreionews.com.br\/acervo-correio\/index.php?rest_route=%2Fwp%2Fv2%2Fcategories&post=9699"},{"taxonomy":"post_tag","embeddable":true,"href":"https:\/\/www.ocorreionews.com.br\/acervo-correio\/index.php?rest_route=%2Fwp%2Fv2%2Ftags&post=9699"}],"curies":[{"name":"wp","href":"https:\/\/api.w.org\/{rel}","templated":true}]}}