{"id":9702,"date":"2015-09-10T13:55:42","date_gmt":"2015-09-10T17:55:42","guid":{"rendered":"https:\/\/ocorreionews.com.br\/?p=9702"},"modified":"2015-09-10T18:56:00","modified_gmt":"2015-09-10T22:56:00","slug":"mulher-morres-esmagada-por-bitrem-em-chapadao-do-sul","status":"publish","type":"post","link":"https:\/\/www.ocorreionews.com.br\/acervo-correio\/?p=9702","title":{"rendered":"Mulher morre esmagada por bitrem em Chapad\u00e3o do Sul"},"content":{"rendered":"<p>Segundo a Policia Militar, a mulher que foi morta ao ser esmagada pela carreta bitrem, placas 3561 de Chapad\u00e3o do Sul e que tinha como condutor B.A.S.A, trata-se de Nivalda Lora.<\/p>\n<p>Nivalda era m\u00e3e do ex-funileiro \u201cGipinho\u201d que morre h\u00e1 pouco menos de 60 dias, v\u00edtima de um c\u00e2ncer, segundo informa\u00e7\u00f5es colhida no local.<\/p>\n<p><a href=\"https:\/\/ocorreionews.com.br\/wp-content\/uploads\/2015\/09\/nivalda.jpg\"><img loading=\"lazy\" decoding=\"async\" class=\"alignnone size-full wp-image-9729\" src=\"https:\/\/ocorreionews.com.br\/wp-content\/uploads\/2015\/09\/nivalda.jpg\" alt=\"nivalda\" width=\"389\" height=\"367\" srcset=\"https:\/\/www.ocorreionews.com.br\/acervo-correio\/wp-content\/uploads\/2015\/09\/nivalda.jpg 389w, https:\/\/www.ocorreionews.com.br\/acervo-correio\/wp-content\/uploads\/2015\/09\/nivalda-300x283.jpg 300w\" sizes=\"auto, (max-width: 389px) 100vw, 389px\" \/><\/a><\/p>\n<p>Uma filha esteve no local e precisou ser amparada pelos Bombeiros e pelo socorrista da Cruz Vermelha, Gabriel Schultz Silva.<\/p>\n<p>A mulher trafegava em uma bicicleta no sentindo Parque Uni\u00e3o-Centro, quando foi atropelada pelo bitrem, que passou sobre seu corpo, que ficou todo dilacerado e preso no ultimo eixo da carreta<\/p>\n<p>Policias militares e civil est\u00e3o no local, aguardando a chegada da Per\u00edcia que vem da cidade de Parana\u00edba, cidade a 200 km de Chapad\u00e3o do Sul.<\/p>\n<p>&nbsp;<\/p>\n<p style=\"text-align: justify;\"><a href=\"https:\/\/ocorreionews.com.br\/wp-content\/uploads\/2015\/09\/DSC_63281.jpg\"><img loading=\"lazy\" decoding=\"async\" class=\"alignnone size-full wp-image-9711\" src=\"https:\/\/ocorreionews.com.br\/wp-content\/uploads\/2015\/09\/DSC_63281.jpg\" alt=\"DSC_6328\" width=\"799\" height=\"531\" srcset=\"https:\/\/www.ocorreionews.com.br\/acervo-correio\/wp-content\/uploads\/2015\/09\/DSC_63281.jpg 799w, https:\/\/www.ocorreionews.com.br\/acervo-correio\/wp-content\/uploads\/2015\/09\/DSC_63281-300x199.jpg 300w\" sizes=\"auto, (max-width: 799px) 100vw, 799px\" \/><\/a><\/p>\n<p style=\"text-align: justify;\"><a href=\"https:\/\/ocorreionews.com.br\/wp-content\/uploads\/2015\/09\/DSC_6358.jpg\"><img loading=\"lazy\" decoding=\"async\" class=\"alignnone size-full wp-image-9707\" src=\"https:\/\/ocorreionews.com.br\/wp-content\/uploads\/2015\/09\/DSC_6358.jpg\" alt=\"DSC_6358\" width=\"799\" height=\"531\" srcset=\"https:\/\/www.ocorreionews.com.br\/acervo-correio\/wp-content\/uploads\/2015\/09\/DSC_6358.jpg 799w, https:\/\/www.ocorreionews.com.br\/acervo-correio\/wp-content\/uploads\/2015\/09\/DSC_6358-300x199.jpg 300w\" sizes=\"auto, (max-width: 799px) 100vw, 799px\" \/><\/a><\/p>\n<p style=\"text-align: justify;\"><a href=\"https:\/\/ocorreionews.com.br\/wp-content\/uploads\/2015\/09\/DSC_6360.jpg\"><img loading=\"lazy\" decoding=\"async\" class=\"alignnone size-full wp-image-9708\" src=\"https:\/\/ocorreionews.com.br\/wp-content\/uploads\/2015\/09\/DSC_6360.jpg\" alt=\"DSC_6360\" width=\"799\" height=\"531\" srcset=\"https:\/\/www.ocorreionews.com.br\/acervo-correio\/wp-content\/uploads\/2015\/09\/DSC_6360.jpg 799w, https:\/\/www.ocorreionews.com.br\/acervo-correio\/wp-content\/uploads\/2015\/09\/DSC_6360-300x199.jpg 300w\" sizes=\"auto, (max-width: 799px) 100vw, 799px\" \/><\/a><\/p>\n<p style=\"text-align: justify;\"><em><strong>*Editado as 14:45 para acr\u00e9scimo de informa\u00e7\u00f5es.<\/strong><\/em><\/p>\n","protected":false},"excerpt":{"rendered":"<p>Segundo a Policia Militar, a mulher que foi morta ao ser esmagada pela carreta bitrem, placas 3561 de Chapad\u00e3o do Sul e que tinha como condutor B.A.S.A, trata-se de Nivalda Lora. Nivalda era m\u00e3e do ex-funileiro \u201cGipinho\u201d que morre h\u00e1 pouco menos de 60 dias, v\u00edtima de um c\u00e2ncer, segundo informa\u00e7\u00f5es colhida no local. Uma [&hellip;]<\/p>\n","protected":false},"author":4,"featured_media":9703,"comment_status":"closed","ping_status":"closed","sticky":false,"template":"","format":"standard","meta":{"footnotes":""},"categories":[38],"tags":[],"class_list":["post-9702","post","type-post","status-publish","format-standard","has-post-thumbnail","hentry","category-policia"],"_links":{"self":[{"href":"https:\/\/www.ocorreionews.com.br\/acervo-correio\/index.php?rest_route=\/wp\/v2\/posts\/9702","targetHints":{"allow":["GET"]}}],"collection":[{"href":"https:\/\/www.ocorreionews.com.br\/acervo-correio\/index.php?rest_route=\/wp\/v2\/posts"}],"about":[{"href":"https:\/\/www.ocorreionews.com.br\/acervo-correio\/index.php?rest_route=\/wp\/v2\/types\/post"}],"author":[{"embeddable":true,"href":"https:\/\/www.ocorreionews.com.br\/acervo-correio\/index.php?rest_route=\/wp\/v2\/users\/4"}],"replies":[{"embeddable":true,"href":"https:\/\/www.ocorreionews.com.br\/acervo-correio\/index.php?rest_route=%2Fwp%2Fv2%2Fcomments&post=9702"}],"version-history":[{"count":0,"href":"https:\/\/www.ocorreionews.com.br\/acervo-correio\/index.php?rest_route=\/wp\/v2\/posts\/9702\/revisions"}],"wp:featuredmedia":[{"embeddable":true,"href":"https:\/\/www.ocorreionews.com.br\/acervo-correio\/index.php?rest_route=\/wp\/v2\/media\/9703"}],"wp:attachment":[{"href":"https:\/\/www.ocorreionews.com.br\/acervo-correio\/index.php?rest_route=%2Fwp%2Fv2%2Fmedia&parent=9702"}],"wp:term":[{"taxonomy":"category","embeddable":true,"href":"https:\/\/www.ocorreionews.com.br\/acervo-correio\/index.php?rest_route=%2Fwp%2Fv2%2Fcategories&post=9702"},{"taxonomy":"post_tag","embeddable":true,"href":"https:\/\/www.ocorreionews.com.br\/acervo-correio\/index.php?rest_route=%2Fwp%2Fv2%2Ftags&post=9702"}],"curies":[{"name":"wp","href":"https:\/\/api.w.org\/{rel}","templated":true}]}}