{"id":9719,"date":"2015-09-10T14:00:23","date_gmt":"2015-09-10T18:00:23","guid":{"rendered":"https:\/\/ocorreionews.com.br\/?p=9719"},"modified":"2015-09-10T14:32:51","modified_gmt":"2015-09-10T18:32:51","slug":"micro-onibus-escolar-ja-foi-licitado-e-esta-apenas-esperando-a-empresa-fazer-os-reparos-necessarios","status":"publish","type":"post","link":"https:\/\/www.ocorreionews.com.br\/acervo-correio\/?p=9719","title":{"rendered":"Micro-\u00f4nibus escolar j\u00e1 foi licitado e est\u00e1 apenas esperando a empresa fazer os reparos necess\u00e1rios"},"content":{"rendered":"<p>\u201cEm nenhum momento o micro-\u00f4nibus escolar (placa HTH 1746) foi abandonado tanto que est\u00e1 em uma autorizada, resguardado de chuva e sol, e suas pe\u00e7as encontram-se preservadas; o ve\u00edculo \u00e9 patrim\u00f4nio da prefeitura\u201d, Secret\u00e1ria Adjunta de Educa\u00e7\u00e3o, Simone Fernandes, a respeito da den\u00fancia divulgada pela m\u00eddia local.<\/p>\n<p>Ainda conforme o departamento jur\u00eddico da prefeitura de Chapad\u00e3o do Sul o \u00f4nibus escolar, que foi encontrado no p\u00e1tio Municipal de Campo Grande(MS), foi duas vezes licitado para reparo do ve\u00edculo, sendo que ,na primeira vez a licita\u00e7\u00e3o foi deserta, ou seja, n\u00e3o houve interessado.<\/p>\n<p>Na segunda vez, sob a forma de preg\u00e3o presencial, uma empresa de Jales-SP ganhou a licita\u00e7\u00e3o, pelo preg\u00e3o presencial n\u00b0 125\/2015, homologado na data de 26 de agosto. A empresa vencedora deve buscar o \u00f4nibus e realizar os reparos necess\u00e1rios, conforme manda a lei.<\/p>\n<p>Segundo a Secret\u00e1ria de Educa\u00e7\u00e3o, Vainer Estela, quando o ve\u00edculo quebrou ele ainda estava em garantia , por isso foi levado para Campo Grande(MS), na \u00fanica autorizada pela fabricante do ve\u00edculo (modelo- volari).<\/p>\n<p>A empresa autorizada repassou a Secretaria de Educa\u00e7\u00e3o, que a garantia n\u00e3o cobria as pe\u00e7as danificadas. \u201cForam feitas v\u00e1rias negocia\u00e7\u00f5es para que o er\u00e1rio p\u00fablico seja preservado, e ap\u00f3s n\u00e3o obter \u00eaxito de desconto, foi feito a licita\u00e7\u00e3o\u201d, diz Secret\u00e1ria Adjunta de Educa\u00e7\u00e3o, Simone Fernandes.<\/p>\n<p>\u201cFomos v\u00e1rias vezes visitar o local. Sobre a loca\u00e7\u00e3o de uma outra empresa para realizar o transporte publico escolar na \u00e1rea rural, este procedimento foi necess\u00e1rio uma vez que o transporte p\u00fablico \u00e9 um servi\u00e7o essencial, \u00a0e n\u00e3o pode esperar o reparo\u201d, Secret\u00e1ria de Educa\u00e7\u00e3o, Vainer Estela.<\/p>\n","protected":false},"excerpt":{"rendered":"<p>\u201cEm nenhum momento o micro-\u00f4nibus escolar (placa HTH 1746) foi abandonado tanto que est\u00e1 em uma autorizada, resguardado de chuva e sol, e suas pe\u00e7as encontram-se preservadas; o ve\u00edculo \u00e9 patrim\u00f4nio da prefeitura\u201d, Secret\u00e1ria Adjunta de Educa\u00e7\u00e3o, Simone Fernandes, a respeito da den\u00fancia divulgada pela m\u00eddia local. Ainda conforme o departamento jur\u00eddico da prefeitura de [&hellip;]<\/p>\n","protected":false},"author":4,"featured_media":9614,"comment_status":"closed","ping_status":"closed","sticky":false,"template":"","format":"standard","meta":{"footnotes":""},"categories":[23],"tags":[],"class_list":["post-9719","post","type-post","status-publish","format-standard","has-post-thumbnail","hentry","category-chapadao-do-sul"],"_links":{"self":[{"href":"https:\/\/www.ocorreionews.com.br\/acervo-correio\/index.php?rest_route=\/wp\/v2\/posts\/9719","targetHints":{"allow":["GET"]}}],"collection":[{"href":"https:\/\/www.ocorreionews.com.br\/acervo-correio\/index.php?rest_route=\/wp\/v2\/posts"}],"about":[{"href":"https:\/\/www.ocorreionews.com.br\/acervo-correio\/index.php?rest_route=\/wp\/v2\/types\/post"}],"author":[{"embeddable":true,"href":"https:\/\/www.ocorreionews.com.br\/acervo-correio\/index.php?rest_route=\/wp\/v2\/users\/4"}],"replies":[{"embeddable":true,"href":"https:\/\/www.ocorreionews.com.br\/acervo-correio\/index.php?rest_route=%2Fwp%2Fv2%2Fcomments&post=9719"}],"version-history":[{"count":0,"href":"https:\/\/www.ocorreionews.com.br\/acervo-correio\/index.php?rest_route=\/wp\/v2\/posts\/9719\/revisions"}],"wp:featuredmedia":[{"embeddable":true,"href":"https:\/\/www.ocorreionews.com.br\/acervo-correio\/index.php?rest_route=\/wp\/v2\/media\/9614"}],"wp:attachment":[{"href":"https:\/\/www.ocorreionews.com.br\/acervo-correio\/index.php?rest_route=%2Fwp%2Fv2%2Fmedia&parent=9719"}],"wp:term":[{"taxonomy":"category","embeddable":true,"href":"https:\/\/www.ocorreionews.com.br\/acervo-correio\/index.php?rest_route=%2Fwp%2Fv2%2Fcategories&post=9719"},{"taxonomy":"post_tag","embeddable":true,"href":"https:\/\/www.ocorreionews.com.br\/acervo-correio\/index.php?rest_route=%2Fwp%2Fv2%2Ftags&post=9719"}],"curies":[{"name":"wp","href":"https:\/\/api.w.org\/{rel}","templated":true}]}}