{"id":9721,"date":"2015-09-10T13:33:37","date_gmt":"2015-09-10T17:33:37","guid":{"rendered":"https:\/\/ocorreionews.com.br\/?p=9721"},"modified":"2015-09-10T14:35:43","modified_gmt":"2015-09-10T18:35:43","slug":"secretario-emerson-fala-sobre-o-processo-da-contratacao-de-empresa-de-seguranca","status":"publish","type":"post","link":"https:\/\/www.ocorreionews.com.br\/acervo-correio\/?p=9721","title":{"rendered":"Secret\u00e1rio Emerson fala sobre o processo da contrata\u00e7\u00e3o de empresa de seguran\u00e7a"},"content":{"rendered":"<p style=\"text-align: justify;\">A administra\u00e7\u00e3o p\u00fablica visando \u00e0 seguran\u00e7a dos participantes dos eventos realizados pelo munic\u00edpio contratou atrav\u00e9s de processo licitat\u00f3rio a empresa WM \u2013 Seguran\u00e7a LTDA\/MS, para atender aos eventos que ser\u00e3o realizados no Anivers\u00e1rio da Cidade, Natal, dentre outros.<\/p>\n<p style=\"text-align: justify;\">O secret\u00e1rio de Cultura e Esporte, Emerson W. Nunes, ressalta que, &#8220;nos anos anteriores ocorreram v\u00e1rias brigas e at\u00e9 mortes,mas na atual administra\u00e7\u00e3o isto praticamente n\u00e3o ocorreu&#8221;.<\/p>\n<p style=\"text-align: justify;\">Todo processo licitat\u00f3rio foi realizado dentro dos tr\u00e2mites da lei, atrav\u00e9s de preg\u00e3o presencial, onde na ocasi\u00e3o a empresa vencedora , segundo o departamento jur\u00eddico, apresentou o menor pre\u00e7o.<\/p>\n<p style=\"text-align: justify;\">A prefeitura esclarece que todas as licita\u00e7\u00f5es s\u00e3o realizadas anteriormente para melhor atender a popula\u00e7\u00e3o, pois o processo requer tempo para realizar pesquisa de pre\u00e7os e outros atos formais.<\/p>\n<p style=\"text-align: justify;\">\u201cPortanto, houve a contrata\u00e7\u00e3o por uma quest\u00e3o de planejamento, pois a lei estabelece que tudo deve ser licitado, ressalvadas as exce\u00e7\u00f5es. Todavia, enquanto n\u00e3o realizado o servi\u00e7o, o mesmo n\u00e3o ser\u00e1 pago\u201d, conforme informa\u00e7\u00e3o do departamento jur\u00eddico.<\/p>\n","protected":false},"excerpt":{"rendered":"<p>A administra\u00e7\u00e3o p\u00fablica visando \u00e0 seguran\u00e7a dos participantes dos eventos realizados pelo munic\u00edpio contratou atrav\u00e9s de processo licitat\u00f3rio a empresa WM \u2013 Seguran\u00e7a LTDA\/MS, para atender aos eventos que ser\u00e3o realizados no Anivers\u00e1rio da Cidade, Natal, dentre outros. O secret\u00e1rio de Cultura e Esporte, Emerson W. Nunes, ressalta que, &#8220;nos anos anteriores ocorreram v\u00e1rias brigas [&hellip;]<\/p>\n","protected":false},"author":4,"featured_media":9724,"comment_status":"closed","ping_status":"closed","sticky":false,"template":"","format":"standard","meta":{"footnotes":""},"categories":[23],"tags":[],"class_list":["post-9721","post","type-post","status-publish","format-standard","has-post-thumbnail","hentry","category-chapadao-do-sul"],"_links":{"self":[{"href":"https:\/\/www.ocorreionews.com.br\/acervo-correio\/index.php?rest_route=\/wp\/v2\/posts\/9721","targetHints":{"allow":["GET"]}}],"collection":[{"href":"https:\/\/www.ocorreionews.com.br\/acervo-correio\/index.php?rest_route=\/wp\/v2\/posts"}],"about":[{"href":"https:\/\/www.ocorreionews.com.br\/acervo-correio\/index.php?rest_route=\/wp\/v2\/types\/post"}],"author":[{"embeddable":true,"href":"https:\/\/www.ocorreionews.com.br\/acervo-correio\/index.php?rest_route=\/wp\/v2\/users\/4"}],"replies":[{"embeddable":true,"href":"https:\/\/www.ocorreionews.com.br\/acervo-correio\/index.php?rest_route=%2Fwp%2Fv2%2Fcomments&post=9721"}],"version-history":[{"count":0,"href":"https:\/\/www.ocorreionews.com.br\/acervo-correio\/index.php?rest_route=\/wp\/v2\/posts\/9721\/revisions"}],"wp:featuredmedia":[{"embeddable":true,"href":"https:\/\/www.ocorreionews.com.br\/acervo-correio\/index.php?rest_route=\/wp\/v2\/media\/9724"}],"wp:attachment":[{"href":"https:\/\/www.ocorreionews.com.br\/acervo-correio\/index.php?rest_route=%2Fwp%2Fv2%2Fmedia&parent=9721"}],"wp:term":[{"taxonomy":"category","embeddable":true,"href":"https:\/\/www.ocorreionews.com.br\/acervo-correio\/index.php?rest_route=%2Fwp%2Fv2%2Fcategories&post=9721"},{"taxonomy":"post_tag","embeddable":true,"href":"https:\/\/www.ocorreionews.com.br\/acervo-correio\/index.php?rest_route=%2Fwp%2Fv2%2Ftags&post=9721"}],"curies":[{"name":"wp","href":"https:\/\/api.w.org\/{rel}","templated":true}]}}