{"id":9772,"date":"2015-09-11T08:35:31","date_gmt":"2015-09-11T12:35:31","guid":{"rendered":"https:\/\/ocorreionews.com.br\/?p=9772"},"modified":"2015-09-11T08:35:31","modified_gmt":"2015-09-11T12:35:31","slug":"advogado-baleado-no-final-do-mes-teve-casa-incendiada-nesta-madrugada-em-cacu-go","status":"publish","type":"post","link":"https:\/\/www.ocorreionews.com.br\/acervo-correio\/?p=9772","title":{"rendered":"Advogado baleado no final do m\u00eas teve casa incendiada nesta madrugada em Ca\u00e7u \u2013 Go"},"content":{"rendered":"<div class=\"noticias_det_txt_just\" style=\"text-align: justify;\">O Advogado L\u00e1zaro Divino Borges, o popular \u201cLaz\u00e3o\u201d, 42 anos, morador na cidade de Ca\u00e7u, no Sudoeste Goiano, que sofreu uma tentativa de homic\u00eddio no \u00faltimo dia 26, teve a casa incendiada na madrugada desta quinta-feira, 10. No local n\u00e3o havia ningu\u00e9m e, apesar do susto, a fam\u00edlia sofreu apenas com danos materiais.<\/p>\n<p>Ferido a tiros, L\u00e1zaro Divino saiu da cidade para realizar tratamento m\u00e9dico e, de acordo com populares, h\u00e1 uns 04 dias, ningu\u00e9m era visto na resid\u00eancia. Nesta madrugada, vizinhos escutaram um forte barulho por volta de 02h00 e, ao averiguarem, perceberam que a casa estava em chamas e dois ve\u00edculos que estavam na garagem, sendo um Hyundai Santa Cruz e um Ford Edge, ficaram completamente destru\u00eddos.<\/p>\n<p>A Resid\u00eancia teve parte da estrutura abalada devido \u00e0s fortes chamas. O Cabo Adalto, estava de plant\u00e3o no Destacamento da Pol\u00edcia Militar, momento em que foi solicitado por Edival Gon\u00e7alves da Silva, o qual relatou que acordou com gritos de sua filha dizendo que a casa ao lado estava pegando fogo, e que a fuma\u00e7a havia entrado para o interior da casa, causando princ\u00edpio de asfixia em seus filhos e netos.<br \/>\n<a href=\"https:\/\/ocorreionews.com.br\/wp-content\/uploads\/2015\/09\/fogo-casa-advog2.jpg\"><img loading=\"lazy\" decoding=\"async\" class=\"alignnone size-full wp-image-9775\" src=\"https:\/\/ocorreionews.com.br\/wp-content\/uploads\/2015\/09\/fogo-casa-advog2.jpg\" alt=\"fogo casa advog2\" width=\"433\" height=\"600\" srcset=\"https:\/\/www.ocorreionews.com.br\/acervo-correio\/wp-content\/uploads\/2015\/09\/fogo-casa-advog2.jpg 433w, https:\/\/www.ocorreionews.com.br\/acervo-correio\/wp-content\/uploads\/2015\/09\/fogo-casa-advog2-217x300.jpg 217w\" sizes=\"auto, (max-width: 433px) 100vw, 433px\" \/><\/a><br \/>\nDe imediato o Militar se deslocou ao local indicado e se deparou com Edival tentando apagar o fogo, uma vez que ele \u00e9 vizinho da casa da v\u00edtima, momento em que visualizaram os dois ve\u00edculos, j\u00e1 em chama. Neste instante, o Caminh\u00e3o pipa da Prefeitura foi acionado para ajudar a combater o inc\u00eandio, sendo que horas depois, o fogo foi controlado.<\/div>\n<div class=\"noticias_det_txt_just\" style=\"text-align: justify;\">\n<div class=\"noticias_det_txt_just\">Al\u00e9m dos ve\u00edculos, a garagem da casa e parte da sala ficaram destru\u00eddos. Foi preciso quebrar o muro da casa para retirar um ve\u00edculo, pois o fogo come\u00e7ou a se alastrar para o interior da casa.<\/p>\n<p>Cabo Adalto relatou que o fogo, provavelmente, iniciou-se pelos ve\u00edculos e, que no local, n\u00e3o havia nenhum vest\u00edgio que pudesse determinar a causa do inc\u00eandio. V\u00e1rios outros Militares participaram da a\u00e7\u00e3o para conter o fogo, sendo eles: Tenente Marcelo, Cabo Jardan, Cabo Edival, Cabo Mendes, Sargento Alessandro, Sargento Amador, Cabo Adalton e Cabo Santana.<\/p>\n<p>Por telefone, falamos com o Cabo Santana, um dos volunt\u00e1rios que ajudou a conter as chamas. Ele relatou que acordou escutando barulhos como se fosse tiros (entenda-se por pipocos) e ao buscar saber o que era, deparou-se com a forte cena. Mobilizados, moradores da regi\u00e3o chegaram a quebrar o muro para que o caminh\u00e3o pudesse se aproximar.<\/p>\n<p>Ap\u00f3s conter o fogo, populares relataram o ocorrido \u00e0 fam\u00edlia do Advogado. O caso ser\u00e1 investigado pela Pol\u00edcia Civil.<\/p>\n<p>Neste ano de 2015, este j\u00e1 o terceiro fato que envolve o nome de L\u00e1zaro Divino Borges. O primeiro ocorreu na tarde do dia 03 de Mar\u00e7o, onde Laz\u00e3o teria perdido o controle da dire\u00e7\u00e3o de seu ve\u00edculo, ao entrar na cidade, e se chocado na cabeceira de uma ponte. De acordo com as informa\u00e7\u00f5es apuradas, a v\u00edtima teria sofrido trauma de t\u00f3rax, foi socorrido pelo SAMU e encaminhado ao Hospital Municipal, onde recebeu os primeiros socorros. Posteriormente, o advogado foi transportado por uma Equipe da DEME ao Hospital Santa Terezinha, em Rio Verde.<\/p>\n<p>Outro fato grave ocorrido foi uma tentativa de homic\u00eddio praticada contra Laz\u00e3o. Fato este, ocorrido no final do m\u00eas de Agosto. O mesmo teria sido baleado no interior de seu Escrit\u00f3rio, sendo que um dos proj\u00e9teis teria ficado alojado. L\u00e1zaro foi socorrido e encaminhado ao Hospital Municipal de Ca\u00e7u e, posteriormente, encaminhado a um Hospital de refer\u00eancia.<\/p>\n<p>De acordo com amigos da v\u00edtima, Laz\u00e3o se recupera bem, por\u00e9m, os mesmos se limitaram em dizer onde o mesmo realiza tratamento m\u00e9dico.<\/p><\/div>\n<div>\u00a0plant\u00e3ojti<\/div>\n<\/div>\n<p style=\"text-align: justify;\">\n","protected":false},"excerpt":{"rendered":"<p>O Advogado L\u00e1zaro Divino Borges, o popular \u201cLaz\u00e3o\u201d, 42 anos, morador na cidade de Ca\u00e7u, no Sudoeste Goiano, que sofreu uma tentativa de homic\u00eddio no \u00faltimo dia 26, teve a casa incendiada na madrugada desta quinta-feira, 10. No local n\u00e3o havia ningu\u00e9m e, apesar do susto, a fam\u00edlia sofreu apenas com danos materiais. Ferido a [&hellip;]<\/p>\n","protected":false},"author":4,"featured_media":9777,"comment_status":"closed","ping_status":"closed","sticky":false,"template":"","format":"standard","meta":{"footnotes":""},"categories":[38],"tags":[],"class_list":["post-9772","post","type-post","status-publish","format-standard","has-post-thumbnail","hentry","category-policia"],"_links":{"self":[{"href":"https:\/\/www.ocorreionews.com.br\/acervo-correio\/index.php?rest_route=\/wp\/v2\/posts\/9772","targetHints":{"allow":["GET"]}}],"collection":[{"href":"https:\/\/www.ocorreionews.com.br\/acervo-correio\/index.php?rest_route=\/wp\/v2\/posts"}],"about":[{"href":"https:\/\/www.ocorreionews.com.br\/acervo-correio\/index.php?rest_route=\/wp\/v2\/types\/post"}],"author":[{"embeddable":true,"href":"https:\/\/www.ocorreionews.com.br\/acervo-correio\/index.php?rest_route=\/wp\/v2\/users\/4"}],"replies":[{"embeddable":true,"href":"https:\/\/www.ocorreionews.com.br\/acervo-correio\/index.php?rest_route=%2Fwp%2Fv2%2Fcomments&post=9772"}],"version-history":[{"count":0,"href":"https:\/\/www.ocorreionews.com.br\/acervo-correio\/index.php?rest_route=\/wp\/v2\/posts\/9772\/revisions"}],"wp:featuredmedia":[{"embeddable":true,"href":"https:\/\/www.ocorreionews.com.br\/acervo-correio\/index.php?rest_route=\/wp\/v2\/media\/9777"}],"wp:attachment":[{"href":"https:\/\/www.ocorreionews.com.br\/acervo-correio\/index.php?rest_route=%2Fwp%2Fv2%2Fmedia&parent=9772"}],"wp:term":[{"taxonomy":"category","embeddable":true,"href":"https:\/\/www.ocorreionews.com.br\/acervo-correio\/index.php?rest_route=%2Fwp%2Fv2%2Fcategories&post=9772"},{"taxonomy":"post_tag","embeddable":true,"href":"https:\/\/www.ocorreionews.com.br\/acervo-correio\/index.php?rest_route=%2Fwp%2Fv2%2Ftags&post=9772"}],"curies":[{"name":"wp","href":"https:\/\/api.w.org\/{rel}","templated":true}]}}