{"id":9773,"date":"2015-09-11T08:34:08","date_gmt":"2015-09-11T12:34:08","guid":{"rendered":"https:\/\/ocorreionews.com.br\/?p=9773"},"modified":"2015-09-11T08:45:34","modified_gmt":"2015-09-11T12:45:34","slug":"administracao-municipal-de-paraiso-das-aguas-assina-convenio-com-o-simted","status":"publish","type":"post","link":"https:\/\/www.ocorreionews.com.br\/acervo-correio\/?p=9773","title":{"rendered":"Administra\u00e7\u00e3o Municipal de Para\u00edso das \u00c1guas assina conv\u00eanio com o SIMTED"},"content":{"rendered":"<p>O Prefeito Municipal de Para\u00edso das \u00c1guas, Ivan da Cruz Pereira\u00a0(Xixi) assinou ontem, dia 09 de setembro, juntamente com o presidente do Sindicato Municipal dos Trabalhadores em Educa\u00e7\u00e3o, Leonardo Corniani Dias, o conv\u00eanio que visa \u00e0 efetiva\u00e7\u00e3o de desconto de 2% na folha de contribui\u00e7\u00f5es dos servidores p\u00fablicos de educa\u00e7\u00e3o que s\u00e3o conveniados ao SIMTED.<\/p>\n<p>\u201cEsse conv\u00eanio \u00e9 muito importante para o Executivo que reconhece atrav\u00e9s dessa assinatura a import\u00e2ncia da classe, e para os servidores que agora v\u00e3o se sentir mais assegurados e tamb\u00e9m v\u00e3o poder contribuir com as conquistas da classe\u201d, mencionou Leonardo Dias.<\/p>\n<p>Na ocasi\u00e3o o presidente do sindicato agradeceu a FETEMS e o advogado e parceiro do Sindicato Leandro Mendes Augusto.<\/p>\n<p>O Prefeito de Para\u00edso das \u00c1guas, Ivan Xixi disse que apoia o SIMTED e que sempre foi parceiro dos professores.<\/p>\n<p>\u201c Estou feliz em cumprir meu papel social como gestor, satisfazendo uma reivindica\u00e7\u00e3o dentro da legalidade\u201d mencionou o chefe do executivo.<\/p>\n<p>O prazo desse conv\u00eanio \u00e9 de um ano podendo ser prorrogado por igual per\u00edodo.<\/p>\n<p>&nbsp;<\/p>\n<p>ASSECOM- Prefeitura Municipal de Para\u00edso das \u00c1guas.<\/p>\n","protected":false},"excerpt":{"rendered":"<p>O Prefeito Municipal de Para\u00edso das \u00c1guas, Ivan da Cruz Pereira\u00a0(Xixi) assinou ontem, dia 09 de setembro, juntamente com o presidente do Sindicato Municipal dos Trabalhadores em Educa\u00e7\u00e3o, Leonardo Corniani Dias, o conv\u00eanio que visa \u00e0 efetiva\u00e7\u00e3o de desconto de 2% na folha de contribui\u00e7\u00f5es dos servidores p\u00fablicos de educa\u00e7\u00e3o que s\u00e3o conveniados ao SIMTED. [&hellip;]<\/p>\n","protected":false},"author":4,"featured_media":9774,"comment_status":"closed","ping_status":"closed","sticky":false,"template":"","format":"standard","meta":{"footnotes":""},"categories":[36],"tags":[],"class_list":["post-9773","post","type-post","status-publish","format-standard","has-post-thumbnail","hentry","category-paraiso-das-aguas"],"_links":{"self":[{"href":"https:\/\/www.ocorreionews.com.br\/acervo-correio\/index.php?rest_route=\/wp\/v2\/posts\/9773","targetHints":{"allow":["GET"]}}],"collection":[{"href":"https:\/\/www.ocorreionews.com.br\/acervo-correio\/index.php?rest_route=\/wp\/v2\/posts"}],"about":[{"href":"https:\/\/www.ocorreionews.com.br\/acervo-correio\/index.php?rest_route=\/wp\/v2\/types\/post"}],"author":[{"embeddable":true,"href":"https:\/\/www.ocorreionews.com.br\/acervo-correio\/index.php?rest_route=\/wp\/v2\/users\/4"}],"replies":[{"embeddable":true,"href":"https:\/\/www.ocorreionews.com.br\/acervo-correio\/index.php?rest_route=%2Fwp%2Fv2%2Fcomments&post=9773"}],"version-history":[{"count":0,"href":"https:\/\/www.ocorreionews.com.br\/acervo-correio\/index.php?rest_route=\/wp\/v2\/posts\/9773\/revisions"}],"wp:featuredmedia":[{"embeddable":true,"href":"https:\/\/www.ocorreionews.com.br\/acervo-correio\/index.php?rest_route=\/wp\/v2\/media\/9774"}],"wp:attachment":[{"href":"https:\/\/www.ocorreionews.com.br\/acervo-correio\/index.php?rest_route=%2Fwp%2Fv2%2Fmedia&parent=9773"}],"wp:term":[{"taxonomy":"category","embeddable":true,"href":"https:\/\/www.ocorreionews.com.br\/acervo-correio\/index.php?rest_route=%2Fwp%2Fv2%2Fcategories&post=9773"},{"taxonomy":"post_tag","embeddable":true,"href":"https:\/\/www.ocorreionews.com.br\/acervo-correio\/index.php?rest_route=%2Fwp%2Fv2%2Ftags&post=9773"}],"curies":[{"name":"wp","href":"https:\/\/api.w.org\/{rel}","templated":true}]}}