{"id":9780,"date":"2015-09-11T08:37:46","date_gmt":"2015-09-11T12:37:46","guid":{"rendered":"https:\/\/ocorreionews.com.br\/?p=9780"},"modified":"2015-09-11T08:37:46","modified_gmt":"2015-09-11T12:37:46","slug":"produtores-rurais-de-mineiros-go-tem-102-toneladas-de-milho-apreendidas-pelo-fisco-em-jatai-go","status":"publish","type":"post","link":"https:\/\/www.ocorreionews.com.br\/acervo-correio\/?p=9780","title":{"rendered":"Produtores rurais de Mineiros (GO) t\u00eam 102 toneladas de milho apreendidas pelo Fisco, em Jata\u00ed (GO)"},"content":{"rendered":"<p>O comando volante da Delegacia Regional de Jata\u00ed apreendeu 102 toneladas de milho em gr\u00e3os, com notas fiscais inid\u00f4neas. O flagrante foi durante blitz da equipe do Fisco, no posto da Policia Rodovi\u00e1ria Federal do munic\u00edpio.<br \/>\nDe acordo com o delegado da DRF de Jata\u00ed, Gerson de Almeida, a carga \u00e9 de dois produtores rurais de Mineiros (GO). A base de c\u00e1lculo da mercadoria foi de R$ 56. 072,50 mil, que gerou recolhimento de ICMS e multa no valor de R$ 13.143,30 mil. Os produtores n\u00e3o tiveram seus nomes divulgados.<br \/>\nFonte: Goi\u00e1s Agora (com adapta\u00e7\u00f5es)<\/p>\n","protected":false},"excerpt":{"rendered":"<p>O comando volante da Delegacia Regional de Jata\u00ed apreendeu 102 toneladas de milho em gr\u00e3os, com notas fiscais inid\u00f4neas. O flagrante foi durante blitz da equipe do Fisco, no posto da Policia Rodovi\u00e1ria Federal do munic\u00edpio. De acordo com o delegado da DRF de Jata\u00ed, Gerson de Almeida, a carga \u00e9 de dois produtores rurais [&hellip;]<\/p>\n","protected":false},"author":4,"featured_media":1699,"comment_status":"closed","ping_status":"closed","sticky":false,"template":"","format":"standard","meta":{"footnotes":""},"categories":[17],"tags":[],"class_list":["post-9780","post","type-post","status-publish","format-standard","has-post-thumbnail","hentry","category-agropecuaria"],"_links":{"self":[{"href":"https:\/\/www.ocorreionews.com.br\/acervo-correio\/index.php?rest_route=\/wp\/v2\/posts\/9780","targetHints":{"allow":["GET"]}}],"collection":[{"href":"https:\/\/www.ocorreionews.com.br\/acervo-correio\/index.php?rest_route=\/wp\/v2\/posts"}],"about":[{"href":"https:\/\/www.ocorreionews.com.br\/acervo-correio\/index.php?rest_route=\/wp\/v2\/types\/post"}],"author":[{"embeddable":true,"href":"https:\/\/www.ocorreionews.com.br\/acervo-correio\/index.php?rest_route=\/wp\/v2\/users\/4"}],"replies":[{"embeddable":true,"href":"https:\/\/www.ocorreionews.com.br\/acervo-correio\/index.php?rest_route=%2Fwp%2Fv2%2Fcomments&post=9780"}],"version-history":[{"count":0,"href":"https:\/\/www.ocorreionews.com.br\/acervo-correio\/index.php?rest_route=\/wp\/v2\/posts\/9780\/revisions"}],"wp:featuredmedia":[{"embeddable":true,"href":"https:\/\/www.ocorreionews.com.br\/acervo-correio\/index.php?rest_route=\/wp\/v2\/media\/1699"}],"wp:attachment":[{"href":"https:\/\/www.ocorreionews.com.br\/acervo-correio\/index.php?rest_route=%2Fwp%2Fv2%2Fmedia&parent=9780"}],"wp:term":[{"taxonomy":"category","embeddable":true,"href":"https:\/\/www.ocorreionews.com.br\/acervo-correio\/index.php?rest_route=%2Fwp%2Fv2%2Fcategories&post=9780"},{"taxonomy":"post_tag","embeddable":true,"href":"https:\/\/www.ocorreionews.com.br\/acervo-correio\/index.php?rest_route=%2Fwp%2Fv2%2Ftags&post=9780"}],"curies":[{"name":"wp","href":"https:\/\/api.w.org\/{rel}","templated":true}]}}