{"id":9782,"date":"2015-09-11T08:44:13","date_gmt":"2015-09-11T12:44:13","guid":{"rendered":"https:\/\/ocorreionews.com.br\/?p=9782"},"modified":"2015-09-11T09:47:14","modified_gmt":"2015-09-11T13:47:14","slug":"novo-delegado-assume-em-costa-rica-destacando-o-combate-ao-trafico-de-drogas-cleverson-vai-trabalhar-em-campo-grande","status":"publish","type":"post","link":"https:\/\/www.ocorreionews.com.br\/acervo-correio\/?p=9782","title":{"rendered":"Novo delegado assume em Costa Rica destacando o combate ao tr\u00e1fico de drogas, Cleverson vai trabalhar em Campo Grande"},"content":{"rendered":"<p style=\"text-align: justify;\">O delegado de pol\u00edcia civil, titular de Costa Rica\/MS, Cleverson Alves dos Santos foi exonerado da titularidade da delegacia de acordo com portaria publicada no \u00faltimo dia 08 de setembro assinada pelo delegado-geral da pol\u00edcia civil, Roberval Mauricio Cardoso Rodrigues. O delegado Cleverson deve ser lotado em uma delegacia em Campo Grande nos pr\u00f3ximos dias de acordo com as informa\u00e7\u00f5es apuradas pelo Hora da Not\u00edcia.<\/p>\n<p style=\"text-align: justify;\">Nesta quinta-feira (10) pela manh\u00e3 assumiu a titularidade da delegacia de Costa Rica j\u00e1 cumprindo a portaria de nomea\u00e7\u00e3o do \u00faltimo dia 08 de setembro o delegado Alexandro Mendes de Ara\u00fajo, 34 anos. Ele \u00e9 natural de Uberl\u00e2ndia\/ MG, estava lotado na delegacia de Cassil\u00e2ndia\/MS h\u00e1 um ano \u00e9 meio como delegado adjunto. Alexandro \u00e9 casado e pai de filho de nove meses.<\/p>\n<p style=\"text-align: justify;\">Alexandro observou que os desafios s\u00e3o in\u00fameros, \u201ch\u00e1 491 inqu\u00e9ritos instaurados, 25 TCO (Termo Circunstanciado de Ocorr\u00eancia) e 12 procedimento envolvendo menores infratores\u201d. O novo delegado informou ao Hora da Not\u00edcia que pretende continuar trabalhando no projeto \u201cCosta Rica Sem Drogas\u201d idealizado pelo colega Cleverson.<\/p>\n<p style=\"text-align: justify;\">Ele destacou que vai continuar trabalhando duro no combate ao tr\u00e1fico de drogas na cidade, \u201csei da responsabilidade que estou assumindo, substituir um delegado competente igual ao Cleverson, quero aproveitar o nome que ele fez aqui na cidade e quero trabalhar com muita transpar\u00eancia\u201d,disse Alexandro.<\/p>\n<p style=\"text-align: justify;\">O delegado Cleverson enalteceu os cidad\u00e3os em sua fala de despedida e disse: \u201cCosta Rica \u00e9 uma cidade muito acolhedora, foi e sou muito feliz aqui junto de minha fam\u00edlia\u201d. Ele destacou que fez um trabalho s\u00e9rio durante o tempo que permaneceu a frente da delegacia, \u201caqui trabalhamos s\u00e9rio, adquirimos credibilidade junto h\u00e1 sociedade, sem apoio da sociedade n\u00e3o se faz nada, somos uma institui\u00e7\u00e3o que n\u00e3o temos um \u00fanico real, dependemos do apoio do poder p\u00fablico.<\/p>\n<p style=\"text-align: justify;\">Ele destacou ainda o apoio que recebeu do poder Judici\u00e1rios, do Minist\u00e9rio P\u00fablico Estadual e da Defensoria P\u00fablica, \u201cest\u00e3o sempre pr\u00f3ximo do nosso trabalho\u201d, disse o delegado.<\/p>\n<p style=\"text-align: justify;\">Cleverson agradeceu o apoio que recebeu dos colegas de Costa Rica que integram sua equipe de trabalho e pediu para ao novo delegado que trate bem os servidores da pol\u00edcia, \u201dsomos uma institui\u00e7\u00e3o que ficamos 24 horas aberta para atender a popula\u00e7\u00e3o\u201d,observou. Cleversom pediu ainda para que o novo delegado trate bem a popula\u00e7\u00e3o: \u201cem especial as mais empobrecidas, n\u00e3o deixe de atender bem a popula\u00e7\u00e3o de Costa Rica\u201d, disse.<\/p>\n<p style=\"text-align: justify;\">O defensor publico Bruno Bertoli Grassani desejou sorte para o delegado, \u201csei que ele realizou um grande trabalho aqui na comarca&#8221;. Ele destacou que todos est\u00e3o imbu\u00eddos do mesmo ideal de justi\u00e7a, \u201cdesejo sucesso ao delegado Alexandro\u201d, finalizou.<\/p>\n<p style=\"text-align: justify;\">O prefeito Waldeli Rosa, (PR) agradeceu ao delegado Cleverson pela hist\u00f3ria bonita e de sucesso, que construiu em Costa Rica e deu boas vindas ao novo delegado. Ele disse que n\u00e3o conhecia o delegado que assumiu a titularidade da delegacia: \u201cele ter\u00e1 liberdade, eu garanto, n\u00e3o haver\u00e1 interfer\u00eancia na institui\u00e7\u00e3o, da minha parte haver\u00e1 liberdade para trabalhar e para investigar e servir a comunidade\u201d.<\/p>\n<p style=\"text-align: justify;\">O vereador presidente da C\u00e2mara Municipal, Jos\u00e9 Augusto Maia Vasconcellos, (DEM) se colocou a disposi\u00e7\u00e3o do titular da delegacia, \u201cconte com o apoio do poder legislativo municipal doutor Alexandro\u201d.<\/p>\n<p style=\"text-align: justify;\">\u201cTemos muita gratid\u00e3o pelo senhor doutor Cleverson, agrade\u00e7o por tudo que fez por n\u00f3s\u201d disse o presidente do Conseg (Conselho Municipal de Seguran\u00e7a), Jos\u00e9 Alcides Simpl\u00edcio. Participaram do evento vereadores, advogado, pastores policiais e empres\u00e1rios.<\/p>\n<p style=\"text-align: justify;\">Hora da Noticia<\/p>\n<p style=\"text-align: justify;\">\n","protected":false},"excerpt":{"rendered":"<p>O delegado de pol\u00edcia civil, titular de Costa Rica\/MS, Cleverson Alves dos Santos foi exonerado da titularidade da delegacia de acordo com portaria publicada no \u00faltimo dia 08 de setembro assinada pelo delegado-geral da pol\u00edcia civil, Roberval Mauricio Cardoso Rodrigues. O delegado Cleverson deve ser lotado em uma delegacia em Campo Grande nos pr\u00f3ximos dias [&hellip;]<\/p>\n","protected":false},"author":4,"featured_media":9783,"comment_status":"closed","ping_status":"closed","sticky":false,"template":"","format":"standard","meta":{"footnotes":""},"categories":[25],"tags":[],"class_list":["post-9782","post","type-post","status-publish","format-standard","has-post-thumbnail","hentry","category-costa-rica"],"_links":{"self":[{"href":"https:\/\/www.ocorreionews.com.br\/acervo-correio\/index.php?rest_route=\/wp\/v2\/posts\/9782","targetHints":{"allow":["GET"]}}],"collection":[{"href":"https:\/\/www.ocorreionews.com.br\/acervo-correio\/index.php?rest_route=\/wp\/v2\/posts"}],"about":[{"href":"https:\/\/www.ocorreionews.com.br\/acervo-correio\/index.php?rest_route=\/wp\/v2\/types\/post"}],"author":[{"embeddable":true,"href":"https:\/\/www.ocorreionews.com.br\/acervo-correio\/index.php?rest_route=\/wp\/v2\/users\/4"}],"replies":[{"embeddable":true,"href":"https:\/\/www.ocorreionews.com.br\/acervo-correio\/index.php?rest_route=%2Fwp%2Fv2%2Fcomments&post=9782"}],"version-history":[{"count":0,"href":"https:\/\/www.ocorreionews.com.br\/acervo-correio\/index.php?rest_route=\/wp\/v2\/posts\/9782\/revisions"}],"wp:featuredmedia":[{"embeddable":true,"href":"https:\/\/www.ocorreionews.com.br\/acervo-correio\/index.php?rest_route=\/wp\/v2\/media\/9783"}],"wp:attachment":[{"href":"https:\/\/www.ocorreionews.com.br\/acervo-correio\/index.php?rest_route=%2Fwp%2Fv2%2Fmedia&parent=9782"}],"wp:term":[{"taxonomy":"category","embeddable":true,"href":"https:\/\/www.ocorreionews.com.br\/acervo-correio\/index.php?rest_route=%2Fwp%2Fv2%2Fcategories&post=9782"},{"taxonomy":"post_tag","embeddable":true,"href":"https:\/\/www.ocorreionews.com.br\/acervo-correio\/index.php?rest_route=%2Fwp%2Fv2%2Ftags&post=9782"}],"curies":[{"name":"wp","href":"https:\/\/api.w.org\/{rel}","templated":true}]}}