{"id":9786,"date":"2015-09-11T09:57:46","date_gmt":"2015-09-11T13:57:46","guid":{"rendered":"https:\/\/ocorreionews.com.br\/?p=9786"},"modified":"2015-09-11T10:00:34","modified_gmt":"2015-09-11T14:00:34","slug":"teacher-wagner-convida-para-4a-festa-das-regioes","status":"publish","type":"post","link":"https:\/\/www.ocorreionews.com.br\/acervo-correio\/?p=9786","title":{"rendered":"Teacher Wagner convida para 4\u00aa Festa das Regi\u00f5es"},"content":{"rendered":"<p><span class=\"content-unnoticias\">O vereador Teacher Wagner usou seu pronunciamento apenas para convidar a popula\u00e7\u00e3o a participar da 4\u00aa Festa das Regi\u00f5es, a ser realizada no dia 11 de setembro na Escola Jorge Amado, segundo ele alunos e professores est\u00e3o se preparando para um evento de grande sucesso. A festa come\u00e7ar as 18h30m.<\/span><\/p>\n<p>&nbsp;<\/p>\n<p><iframe loading=\"lazy\" width=\"1170\" height=\"658\" src=\"https:\/\/www.youtube.com\/embed\/4yR6OauSjc0?feature=oembed\" frameborder=\"0\" allow=\"autoplay; encrypted-media\" allowfullscreen><\/iframe><\/p>\n<p>Assessoria C\u00e2mara &#8211; Foto Jovem Sul<\/p>\n","protected":false},"excerpt":{"rendered":"<p>O vereador Teacher Wagner usou seu pronunciamento apenas para convidar a popula\u00e7\u00e3o a participar da 4\u00aa Festa das Regi\u00f5es, a ser realizada no dia 11 de setembro na Escola Jorge Amado, segundo ele alunos e professores est\u00e3o se preparando para um evento de grande sucesso. A festa come\u00e7ar as 18h30m. &nbsp; Assessoria C\u00e2mara &#8211; Foto [&hellip;]<\/p>\n","protected":false},"author":4,"featured_media":9787,"comment_status":"closed","ping_status":"closed","sticky":false,"template":"","format":"standard","meta":{"footnotes":""},"categories":[20],"tags":[],"class_list":["post-9786","post","type-post","status-publish","format-standard","has-post-thumbnail","hentry","category-camara-municipal"],"_links":{"self":[{"href":"https:\/\/www.ocorreionews.com.br\/acervo-correio\/index.php?rest_route=\/wp\/v2\/posts\/9786","targetHints":{"allow":["GET"]}}],"collection":[{"href":"https:\/\/www.ocorreionews.com.br\/acervo-correio\/index.php?rest_route=\/wp\/v2\/posts"}],"about":[{"href":"https:\/\/www.ocorreionews.com.br\/acervo-correio\/index.php?rest_route=\/wp\/v2\/types\/post"}],"author":[{"embeddable":true,"href":"https:\/\/www.ocorreionews.com.br\/acervo-correio\/index.php?rest_route=\/wp\/v2\/users\/4"}],"replies":[{"embeddable":true,"href":"https:\/\/www.ocorreionews.com.br\/acervo-correio\/index.php?rest_route=%2Fwp%2Fv2%2Fcomments&post=9786"}],"version-history":[{"count":0,"href":"https:\/\/www.ocorreionews.com.br\/acervo-correio\/index.php?rest_route=\/wp\/v2\/posts\/9786\/revisions"}],"wp:featuredmedia":[{"embeddable":true,"href":"https:\/\/www.ocorreionews.com.br\/acervo-correio\/index.php?rest_route=\/wp\/v2\/media\/9787"}],"wp:attachment":[{"href":"https:\/\/www.ocorreionews.com.br\/acervo-correio\/index.php?rest_route=%2Fwp%2Fv2%2Fmedia&parent=9786"}],"wp:term":[{"taxonomy":"category","embeddable":true,"href":"https:\/\/www.ocorreionews.com.br\/acervo-correio\/index.php?rest_route=%2Fwp%2Fv2%2Fcategories&post=9786"},{"taxonomy":"post_tag","embeddable":true,"href":"https:\/\/www.ocorreionews.com.br\/acervo-correio\/index.php?rest_route=%2Fwp%2Fv2%2Ftags&post=9786"}],"curies":[{"name":"wp","href":"https:\/\/api.w.org\/{rel}","templated":true}]}}