{"id":9789,"date":"2015-09-11T10:00:07","date_gmt":"2015-09-11T14:00:07","guid":{"rendered":"https:\/\/ocorreionews.com.br\/?p=9789"},"modified":"2015-09-11T10:00:07","modified_gmt":"2015-09-11T14:00:07","slug":"prainha-defende-acordo-entre-executivo-e-motoristas-do-transporte-escolar","status":"publish","type":"post","link":"https:\/\/www.ocorreionews.com.br\/acervo-correio\/?p=9789","title":{"rendered":"Prainha defende acordo entre executivo e motoristas do transporte escolar"},"content":{"rendered":"<p>O vereador Prainha em seu pronunciamento declarou seu apoio aos motoristas do transporte escolar, que tiveram seus sal\u00e1rios reduzidos, o vereador disse concordar com a revis\u00e3o salarial proposta pelo executivo, mas que n\u00e3o concorda com o corte nos sal\u00e1rios dos motoristas.<\/p>\n<p>O vereador comentou que recebe com frequ\u00eancia as reclama\u00e7\u00f5es de todos que se sentiram prejudicados e que acredita que conversando se pode chegar a um acordo. Prainha salientou ainda que os vereadores s\u00e3o representantes do povo, e que seu papel \u00e9 exatamente este, solucionar estas situa\u00e7\u00f5es.<\/p>\n<p>Finalizou comentando sobre a ca\u00e7amba que fica no fim da Avenida Curitiba, segundo ele, ap\u00f3s seu pedido a mesma foi retirada com bastante rapidez do local. Prainha sugeriu que esta ca\u00e7amba seja retirada com mais frequ\u00eancia de forma que n\u00e3o fique sempre cheia<\/p>\n<p>&nbsp;<\/p>\n<p>&nbsp;<\/p>\n<p><iframe loading=\"lazy\" width=\"1170\" height=\"658\" src=\"https:\/\/www.youtube.com\/embed\/28gXl9-qWUU?feature=oembed\" frameborder=\"0\" allow=\"autoplay; encrypted-media\" allowfullscreen><\/iframe><\/p>\n<p>Fonte: Assessoria C\u00e2mara<\/p>\n","protected":false},"excerpt":{"rendered":"<p>O vereador Prainha em seu pronunciamento declarou seu apoio aos motoristas do transporte escolar, que tiveram seus sal\u00e1rios reduzidos, o vereador disse concordar com a revis\u00e3o salarial proposta pelo executivo, mas que n\u00e3o concorda com o corte nos sal\u00e1rios dos motoristas. O vereador comentou que recebe com frequ\u00eancia as reclama\u00e7\u00f5es de todos que se sentiram [&hellip;]<\/p>\n","protected":false},"author":4,"featured_media":9790,"comment_status":"closed","ping_status":"closed","sticky":false,"template":"","format":"standard","meta":{"footnotes":""},"categories":[20],"tags":[],"class_list":["post-9789","post","type-post","status-publish","format-standard","has-post-thumbnail","hentry","category-camara-municipal"],"_links":{"self":[{"href":"https:\/\/www.ocorreionews.com.br\/acervo-correio\/index.php?rest_route=\/wp\/v2\/posts\/9789","targetHints":{"allow":["GET"]}}],"collection":[{"href":"https:\/\/www.ocorreionews.com.br\/acervo-correio\/index.php?rest_route=\/wp\/v2\/posts"}],"about":[{"href":"https:\/\/www.ocorreionews.com.br\/acervo-correio\/index.php?rest_route=\/wp\/v2\/types\/post"}],"author":[{"embeddable":true,"href":"https:\/\/www.ocorreionews.com.br\/acervo-correio\/index.php?rest_route=\/wp\/v2\/users\/4"}],"replies":[{"embeddable":true,"href":"https:\/\/www.ocorreionews.com.br\/acervo-correio\/index.php?rest_route=%2Fwp%2Fv2%2Fcomments&post=9789"}],"version-history":[{"count":0,"href":"https:\/\/www.ocorreionews.com.br\/acervo-correio\/index.php?rest_route=\/wp\/v2\/posts\/9789\/revisions"}],"wp:featuredmedia":[{"embeddable":true,"href":"https:\/\/www.ocorreionews.com.br\/acervo-correio\/index.php?rest_route=\/wp\/v2\/media\/9790"}],"wp:attachment":[{"href":"https:\/\/www.ocorreionews.com.br\/acervo-correio\/index.php?rest_route=%2Fwp%2Fv2%2Fmedia&parent=9789"}],"wp:term":[{"taxonomy":"category","embeddable":true,"href":"https:\/\/www.ocorreionews.com.br\/acervo-correio\/index.php?rest_route=%2Fwp%2Fv2%2Fcategories&post=9789"},{"taxonomy":"post_tag","embeddable":true,"href":"https:\/\/www.ocorreionews.com.br\/acervo-correio\/index.php?rest_route=%2Fwp%2Fv2%2Ftags&post=9789"}],"curies":[{"name":"wp","href":"https:\/\/api.w.org\/{rel}","templated":true}]}}