{"id":98322,"date":"2018-10-07T19:33:39","date_gmt":"2018-10-07T23:33:39","guid":{"rendered":"http:\/\/www.ocorreionews.com.br\/?p=98322"},"modified":"2018-10-07T19:39:02","modified_gmt":"2018-10-07T23:39:02","slug":"veja-a-relacao-dos-deputados-estaduais-e-federais-mais-votados-em-chapadao-do-sul","status":"publish","type":"post","link":"https:\/\/www.ocorreionews.com.br\/acervo-correio\/?p=98322","title":{"rendered":"Veja a rela\u00e7\u00e3o dos deputados estaduais e federais mais votados em Chapad\u00e3o do Sul"},"content":{"rendered":"<p>Encerrada a vota\u00e7\u00e3o em Chapad\u00e3o do Sul, mais uma vez o deputado Paulo Correa, obteve a maior vota\u00e7\u00e3o para estadual. Federal a deputada Tereza Cristina foi a campe\u00e3 de votos.<\/p>\n<p><strong>Deputados Estaduais mais votados<\/strong><\/p>\n<ol>\n<li>Paulo Corr\u00eaa 1234 votos,<\/li>\n<li>Renan Barbosa Contar 822 votos,<\/li>\n<li>M\u00e1rcio Fernandes 810 votos,<\/li>\n<li>Luiz Felipe Orro 760 votos,<\/li>\n<li>Cleverson Alves dos Santos 650 votos.<\/li>\n<\/ol>\n<p><strong>Os tr\u00eas Deputados Federais mais votados foram:<\/strong><\/p>\n<ol>\n<li>Tereza Cristina com 2.151 votos;<\/li>\n<li>C\u00edcero dos Santos Benedito 1578 votos;<\/li>\n<li>Eliseu Dion\u00edsio 820 votos.<\/li>\n<\/ol>\n","protected":false},"excerpt":{"rendered":"<p>Encerrada a vota\u00e7\u00e3o em Chapad\u00e3o do Sul, mais uma vez o deputado Paulo Correa, obteve a maior vota\u00e7\u00e3o para estadual. Federal a deputada Tereza Cristina foi a campe\u00e3 de votos. Deputados Estaduais mais votados Paulo Corr\u00eaa 1234 votos, Renan Barbosa Contar 822 votos, M\u00e1rcio Fernandes 810 votos, Luiz Felipe Orro 760 votos, Cleverson Alves dos [&hellip;]<\/p>\n","protected":false},"author":4,"featured_media":98323,"comment_status":"closed","ping_status":"closed","sticky":false,"template":"","format":"standard","meta":{"footnotes":""},"categories":[23,41],"tags":[],"class_list":["post-98322","post","type-post","status-publish","format-standard","has-post-thumbnail","hentry","category-chapadao-do-sul","category-destaque"],"_links":{"self":[{"href":"https:\/\/www.ocorreionews.com.br\/acervo-correio\/index.php?rest_route=\/wp\/v2\/posts\/98322","targetHints":{"allow":["GET"]}}],"collection":[{"href":"https:\/\/www.ocorreionews.com.br\/acervo-correio\/index.php?rest_route=\/wp\/v2\/posts"}],"about":[{"href":"https:\/\/www.ocorreionews.com.br\/acervo-correio\/index.php?rest_route=\/wp\/v2\/types\/post"}],"author":[{"embeddable":true,"href":"https:\/\/www.ocorreionews.com.br\/acervo-correio\/index.php?rest_route=\/wp\/v2\/users\/4"}],"replies":[{"embeddable":true,"href":"https:\/\/www.ocorreionews.com.br\/acervo-correio\/index.php?rest_route=%2Fwp%2Fv2%2Fcomments&post=98322"}],"version-history":[{"count":0,"href":"https:\/\/www.ocorreionews.com.br\/acervo-correio\/index.php?rest_route=\/wp\/v2\/posts\/98322\/revisions"}],"wp:featuredmedia":[{"embeddable":true,"href":"https:\/\/www.ocorreionews.com.br\/acervo-correio\/index.php?rest_route=\/wp\/v2\/media\/98323"}],"wp:attachment":[{"href":"https:\/\/www.ocorreionews.com.br\/acervo-correio\/index.php?rest_route=%2Fwp%2Fv2%2Fmedia&parent=98322"}],"wp:term":[{"taxonomy":"category","embeddable":true,"href":"https:\/\/www.ocorreionews.com.br\/acervo-correio\/index.php?rest_route=%2Fwp%2Fv2%2Fcategories&post=98322"},{"taxonomy":"post_tag","embeddable":true,"href":"https:\/\/www.ocorreionews.com.br\/acervo-correio\/index.php?rest_route=%2Fwp%2Fv2%2Ftags&post=98322"}],"curies":[{"name":"wp","href":"https:\/\/api.w.org\/{rel}","templated":true}]}}