{"id":98844,"date":"2018-10-15T17:53:40","date_gmt":"2018-10-15T21:53:40","guid":{"rendered":"http:\/\/www.ocorreionews.com.br\/?p=98844"},"modified":"2018-10-15T17:58:27","modified_gmt":"2018-10-15T21:58:27","slug":"chapadao-do-sul-comemora-31-anos-com-shows-esportes-e-encontro-de-bandas-confira-programacao","status":"publish","type":"post","link":"https:\/\/www.ocorreionews.com.br\/acervo-correio\/?p=98844","title":{"rendered":"Chapad\u00e3o do Sul comemora 31 anos com shows, esportes e encontro de bandas: confira programa\u00e7\u00e3o"},"content":{"rendered":"<p>O Anivers\u00e1rio de 31 anos de Chapad\u00e3o do Sul ser\u00e1 repleto de anima\u00e7\u00e3o e festa para a popula\u00e7\u00e3o. Ser\u00e3o quatro dias de muita alegria, shows, competi\u00e7\u00f5es e atividades culturais na Pra\u00e7a de Eventos.<\/p>\n<p>No dia 20 de outubro, s\u00e1bado, a festividade iniciar\u00e1 as 20h, com encontro de Bandas e Fanfarras, que contar\u00e1 com a presen\u00e7a de diversas cidades de MS. Logo ap\u00f3s, as 22h, ter\u00e1 o show com o Grupo Chama Campeira, que animar\u00e1 a noite da popula\u00e7\u00e3o.<\/p>\n<p>J\u00e1 no domingo, 21, as atividades come\u00e7ar\u00e3o cedo, com o 2\u00ba GP Ciclismo, que ter\u00e1 a participa\u00e7\u00e3o de atletas de diversas cidades competindo nas categorias: Feminino, Juvenil, J\u00fanior, Master A, Master B, Master C e Elite. A competi\u00e7\u00e3o acontecer\u00e1 na Av. Goi\u00e1s. J\u00e1 as 20h, na Pra\u00e7a de Eventos, ser\u00e1 a vez de Delinha cantar os seus sucessos, e no final da noite, \u00e0s 21h30 ser\u00e1 a vez da Dupla sertaneja Tom e L\u00e9o cantar e animar a popula\u00e7\u00e3o.<\/p>\n<p>Na segunda-feira, 22, no terceiro dia de evento, a noite, \u00e0s 20h, come\u00e7ar\u00e1 com o grande show de Almir Sater, que balan\u00e7ar\u00e1 a popula\u00e7\u00e3o com as suas famosas m\u00fasicas. E as 22h ser\u00e1 a vez da banda Nexa de Campo Grande animar a noite.<\/p>\n<p>J\u00e1 no anivers\u00e1rio da cidade, no dia 23 de Outubro, a partir das 14h ter\u00e1 brinquedos da Fundesporte na Pra\u00e7a de Eventos, e as 20h acontecer\u00e1 o Sorteio do IPTU 2018, que premiar\u00e1 com mais de R$ 100 mil, os ganhadores. E as 21 acontecer\u00e1 o show com o cantor gospel Regis Danese.<\/p>\n<p>Venha participar deste grande evento que acontecer\u00e1 em nosso munic\u00edpio. Sua participa\u00e7\u00e3o \u00e9 fundamental para o sucesso da nossa festa em comemora\u00e7\u00e3o aos 31 anos de Chapad\u00e3o do Sul.<\/p>\n<p><a href=\"http:\/\/www.ocorreionews.com.br\/wp-content\/uploads\/2018\/10\/programa\u00e7\u00e3o-niver.jpg\"><img loading=\"lazy\" decoding=\"async\" class=\"alignnone wp-image-98849 size-large\" src=\"http:\/\/www.ocorreionews.com.br\/wp-content\/uploads\/2018\/10\/programa\u00e7\u00e3o-niver-731x1024.jpg\" alt=\"\" width=\"731\" height=\"1024\" srcset=\"https:\/\/www.ocorreionews.com.br\/acervo-correio\/wp-content\/uploads\/2018\/10\/programa\u00e7\u00e3o-niver.jpg 731w, https:\/\/www.ocorreionews.com.br\/acervo-correio\/wp-content\/uploads\/2018\/10\/programa\u00e7\u00e3o-niver-214x300.jpg 214w\" sizes=\"auto, (max-width: 731px) 100vw, 731px\" \/><\/a><\/p>\n<p>&nbsp;<\/p>\n","protected":false},"excerpt":{"rendered":"<p>O Anivers\u00e1rio de 31 anos de Chapad\u00e3o do Sul ser\u00e1 repleto de anima\u00e7\u00e3o e festa para a popula\u00e7\u00e3o. Ser\u00e3o quatro dias de muita alegria, shows, competi\u00e7\u00f5es e atividades culturais na Pra\u00e7a de Eventos. No dia 20 de outubro, s\u00e1bado, a festividade iniciar\u00e1 as 20h, com encontro de Bandas e Fanfarras, que contar\u00e1 com a presen\u00e7a [&hellip;]<\/p>\n","protected":false},"author":4,"featured_media":98848,"comment_status":"closed","ping_status":"closed","sticky":false,"template":"","format":"standard","meta":{"footnotes":""},"categories":[23,41],"tags":[],"class_list":["post-98844","post","type-post","status-publish","format-standard","has-post-thumbnail","hentry","category-chapadao-do-sul","category-destaque"],"_links":{"self":[{"href":"https:\/\/www.ocorreionews.com.br\/acervo-correio\/index.php?rest_route=\/wp\/v2\/posts\/98844","targetHints":{"allow":["GET"]}}],"collection":[{"href":"https:\/\/www.ocorreionews.com.br\/acervo-correio\/index.php?rest_route=\/wp\/v2\/posts"}],"about":[{"href":"https:\/\/www.ocorreionews.com.br\/acervo-correio\/index.php?rest_route=\/wp\/v2\/types\/post"}],"author":[{"embeddable":true,"href":"https:\/\/www.ocorreionews.com.br\/acervo-correio\/index.php?rest_route=\/wp\/v2\/users\/4"}],"replies":[{"embeddable":true,"href":"https:\/\/www.ocorreionews.com.br\/acervo-correio\/index.php?rest_route=%2Fwp%2Fv2%2Fcomments&post=98844"}],"version-history":[{"count":0,"href":"https:\/\/www.ocorreionews.com.br\/acervo-correio\/index.php?rest_route=\/wp\/v2\/posts\/98844\/revisions"}],"wp:featuredmedia":[{"embeddable":true,"href":"https:\/\/www.ocorreionews.com.br\/acervo-correio\/index.php?rest_route=\/wp\/v2\/media\/98848"}],"wp:attachment":[{"href":"https:\/\/www.ocorreionews.com.br\/acervo-correio\/index.php?rest_route=%2Fwp%2Fv2%2Fmedia&parent=98844"}],"wp:term":[{"taxonomy":"category","embeddable":true,"href":"https:\/\/www.ocorreionews.com.br\/acervo-correio\/index.php?rest_route=%2Fwp%2Fv2%2Fcategories&post=98844"},{"taxonomy":"post_tag","embeddable":true,"href":"https:\/\/www.ocorreionews.com.br\/acervo-correio\/index.php?rest_route=%2Fwp%2Fv2%2Ftags&post=98844"}],"curies":[{"name":"wp","href":"https:\/\/api.w.org\/{rel}","templated":true}]}}