{"id":9974,"date":"2015-09-14T06:56:52","date_gmt":"2015-09-14T10:56:52","guid":{"rendered":"https:\/\/ocorreionews.com.br\/?p=9974"},"modified":"2015-09-14T06:56:52","modified_gmt":"2015-09-14T10:56:52","slug":"pauta-da-sessao-desta-segunda-feira-14","status":"publish","type":"post","link":"https:\/\/www.ocorreionews.com.br\/acervo-correio\/?p=9974","title":{"rendered":"Pauta da Sess\u00e3o desta segunda-feira 14"},"content":{"rendered":"<div id=\"noticias_lendo_conteudo\">\n<div id=\"noticias_lendo_texto\">\n<p>(Assessoria de Comunica\u00e7\u00e3o da C\u00e2mara)<\/p>\n<p>PAUTA PARA A 1076\u00aa SESS\u00c3O ORDIN\u00c1RIA,<\/p>\n<p>DA 3\u00aa SESS\u00c3O LEGISLATIVA,<\/p>\n<p>DA 7\u00aa LEGISLATURA, A REALIZAR-SE<\/p>\n<p>NO DIA 14\/09\/2015 \u2013 SEGUNDA-FEIRA<\/p>\n<p>\u00c0S 19HORAS<\/p>\n<p>EXPEDIENTE DE VEREADORES<\/p>\n<p>REQUERIMENTO N\u00ba 302\/2015 \u2013 VER. S\u00d4NIA MARAN<\/p>\n<p>REQUEIRO \u00e0 Mesa, na forma regimental e depois de ouvido o Douto Plen\u00e1rio de Delibera\u00e7\u00f5es, o envio de expediente ao Prefeito Municipal Luiz Felipe Barreto de Magalh\u00e3es, com c\u00f3pia a Secret\u00e1ria de Administra\u00e7\u00e3o, Maril\u00e9ia Brizola da Rosa, solicitando que seja encaminhado a esta Casa de Leis, c\u00f3pia dos seguintes processos licitat\u00f3rios, com as c\u00f3pias de seus respectivos pagamentos, referentes ao conserto do \u00f4nibus placa HTH 1746, propriedade da Prefeitura Municipal.<\/p>\n<p>&#8211; Processo n\u00ba 3217\/2014 Preg\u00e3o Presencial n\u00ba 131\/2014;<\/p>\n<p>&#8211; Processo n\u00ba 1987\/2015 Preg\u00e3o Presencial n\u00ba 125\/2015;<\/p>\n<p>Do mesmo modo, solicito ainda c\u00f3pia do processo licitat\u00f3rio, considerado deserto, citado pela Secret\u00e1ria de Educa\u00e7\u00e3o, Vainer Estela Martins Andr\u00e9, em mat\u00e9ria publicada no site oficial da Prefeitura Municipal de Chapad\u00e3o do Sul \u2013 MS, no dia 10 de setembro de 2015.<\/p>\n<p>REQUERIMENTO N\u00ba 303\/2015 \u2013 VER. S\u00d4NIA MARAN<\/p>\n<p>REQUEIRO \u00e0 Mesa, na forma regimental e depois de ouvido o Douto Plen\u00e1rio de Delibera\u00e7\u00f5es, o envio de expediente ao Prefeito Municipal Luiz Felipe Barreto de Magalh\u00e3es, solicitando que encaminhe a esta Casa de Leis, matriculas atualizadas, referentes aos Lotes n\u00ba 09,10,11,12,13,14,15,16,17 e 18, da Quadra 99, pertencentes a Prefeitura Municipal de Chapad\u00e3o do Sul.<\/p>\n<p>REQUERIMENTO N\u00ba 304\/2015 \u2013 VER. S\u00d4NIA MARAN<\/p>\n<p>REQUEIRO \u00e0 Mesa, na forma regimental e depois de ouvido o Douto Plen\u00e1rio de Delibera\u00e7\u00f5es, o envio de expediente ao Prefeito Municipal Luiz Felipe Barreto de Magalh\u00e3es, com c\u00f3pia a Secret\u00e1ria Municipal de Administra\u00e7\u00e3o Maril\u00e9ia Brizola da Rosa, solicitando que seja encaminhado a esta Casa de Leis os empenhos, bem como os pagamentos, referentes os Contratos Administrativos n\u00b0 260\/2011 e 102\/2012 e seus aditivos.<\/p>\n<p>Do mesmo modo, requeiro o laudo de vistoria de conclus\u00e3o da obra elaborado pelo profissional t\u00e9cnico da Administra\u00e7\u00e3o P\u00fablica Municipal.<\/p>\n<p>INDICA\u00c7\u00c3O N\u00ba 624\/2015 \u2013 VER. DR. QUARANTA<\/p>\n<p>INDICO \u00e0 Mesa, na forma regimental, e depois de ouvido o Douto Plen\u00e1rio de Delibera\u00e7\u00f5es, o envio de expediente ao Prefeito Municipal, Luiz Felipe Barreto de Magalh\u00e3es, com c\u00f3pia ao Secret\u00e1rio de Cultura e Esportes, Emerson Willian de Freitas Nunes, solicitando que desenvolvam um projeto, em hor\u00e1rio noturno, para acolher crian\u00e7as de nosso mun\u00edcipio, as quais os pais precisam trabalhar at\u00e9 mais tarde. O Projeto ofereceria variadas atividades esportivas.<\/p>\n<p>MO\u00c7\u00c3O DE PESAR N\u00ba 109\/2015 \u2013 VER. ELTON SILVA<\/p>\n<p>O Vereador Elton Silva, da C\u00e2mara Municipal de Chapad\u00e3o do Sul, que esta subscreve, dispensadas as formalidades regimentais, encaminha MO\u00c7\u00c3O DE PESAR, \u00e0 fam\u00edlia do jovem Juliano Rodrigues Oliveira, em decorr\u00eancia de seu falecimento ocorrido em 05 de setembro do corrente ano.<\/p>\n<p>MO\u00c7\u00c3O DE PESAR N\u00ba 110\/2015 \u2013 VER. ELTON SILVA<\/p>\n<p>O Vereador Elton Silva, da C\u00e2mara Municipal de Chapad\u00e3o do Sul, que esta subscreve, dispensadas as formalidades regimentais, encaminha MO\u00c7\u00c3O DE PESAR, \u00e0 fam\u00edlia da Senhora Nivalda Iora, em decorr\u00eancia de seu falecimento ocorrido em 10 de setembro do corrente ano.<\/p>\n<p>MENSAGEM DO EXECUTIVO<\/p>\n<p>&nbsp;<\/p>\n<p>&#8211; Mensagem n\u00ba 037\/2015. Encaminha Projeto de Lei n\u00ba 148\/2015. Executivo que: \u201cAutoriza o Poder Executivo a abrir cr\u00e9dito adicional especial nos termos da Lei n. 4.320\/64, no valor de at\u00e9 R$ 10.000,00 (dez mil reais), e d\u00e1 outras provid\u00eancias\u201d.<\/p>\n<p>&nbsp;<\/p>\n<p>&#8211; Mensagem n\u00ba 039\/2015. Encaminha Projeto de Lei Complementar n\u00ba 022\/2015. Executivo que: \u201cEstabelece Normas para o Parcelamento do Solo Urbano no Munic\u00edpio de Chapad\u00e3o do Sul, Estado de Mato Grosso do Sul, Estado de Mato Grosso do Sul e d\u00e1 outras provid\u00eancias\u201d.<\/p>\n<p>SECRETARIA DAS SESS\u00d5ES, 11 DE SETEMBRO DE 2015.<\/p>\n<p>Jacqueline C. Tomiazzi Belotti,<\/p>\n<p>Coordenadora de Atividades Legislativa.<\/p>\n<\/div>\n<\/div>\n","protected":false},"excerpt":{"rendered":"<p>(Assessoria de Comunica\u00e7\u00e3o da C\u00e2mara) PAUTA PARA A 1076\u00aa SESS\u00c3O ORDIN\u00c1RIA, DA 3\u00aa SESS\u00c3O LEGISLATIVA, DA 7\u00aa LEGISLATURA, A REALIZAR-SE NO DIA 14\/09\/2015 \u2013 SEGUNDA-FEIRA \u00c0S 19HORAS EXPEDIENTE DE VEREADORES REQUERIMENTO N\u00ba 302\/2015 \u2013 VER. S\u00d4NIA MARAN REQUEIRO \u00e0 Mesa, na forma regimental e depois de ouvido o Douto Plen\u00e1rio de Delibera\u00e7\u00f5es, o envio de [&hellip;]<\/p>\n","protected":false},"author":4,"featured_media":519,"comment_status":"closed","ping_status":"closed","sticky":false,"template":"","format":"standard","meta":{"footnotes":""},"categories":[20],"tags":[],"class_list":["post-9974","post","type-post","status-publish","format-standard","has-post-thumbnail","hentry","category-camara-municipal"],"_links":{"self":[{"href":"https:\/\/www.ocorreionews.com.br\/acervo-correio\/index.php?rest_route=\/wp\/v2\/posts\/9974","targetHints":{"allow":["GET"]}}],"collection":[{"href":"https:\/\/www.ocorreionews.com.br\/acervo-correio\/index.php?rest_route=\/wp\/v2\/posts"}],"about":[{"href":"https:\/\/www.ocorreionews.com.br\/acervo-correio\/index.php?rest_route=\/wp\/v2\/types\/post"}],"author":[{"embeddable":true,"href":"https:\/\/www.ocorreionews.com.br\/acervo-correio\/index.php?rest_route=\/wp\/v2\/users\/4"}],"replies":[{"embeddable":true,"href":"https:\/\/www.ocorreionews.com.br\/acervo-correio\/index.php?rest_route=%2Fwp%2Fv2%2Fcomments&post=9974"}],"version-history":[{"count":0,"href":"https:\/\/www.ocorreionews.com.br\/acervo-correio\/index.php?rest_route=\/wp\/v2\/posts\/9974\/revisions"}],"wp:featuredmedia":[{"embeddable":true,"href":"https:\/\/www.ocorreionews.com.br\/acervo-correio\/index.php?rest_route=\/wp\/v2\/media\/519"}],"wp:attachment":[{"href":"https:\/\/www.ocorreionews.com.br\/acervo-correio\/index.php?rest_route=%2Fwp%2Fv2%2Fmedia&parent=9974"}],"wp:term":[{"taxonomy":"category","embeddable":true,"href":"https:\/\/www.ocorreionews.com.br\/acervo-correio\/index.php?rest_route=%2Fwp%2Fv2%2Fcategories&post=9974"},{"taxonomy":"post_tag","embeddable":true,"href":"https:\/\/www.ocorreionews.com.br\/acervo-correio\/index.php?rest_route=%2Fwp%2Fv2%2Ftags&post=9974"}],"curies":[{"name":"wp","href":"https:\/\/api.w.org\/{rel}","templated":true}]}}