{"id":9977,"date":"2015-09-14T07:09:02","date_gmt":"2015-09-14T11:09:02","guid":{"rendered":"https:\/\/ocorreionews.com.br\/?p=9977"},"modified":"2015-09-14T07:09:02","modified_gmt":"2015-09-14T11:09:02","slug":"pf-de-tres-lagoas-desarticula-outra-celula-criminosa-na-operacao-pendulo","status":"publish","type":"post","link":"https:\/\/www.ocorreionews.com.br\/acervo-correio\/?p=9977","title":{"rendered":"PF de Tr\u00eas Lagoas desarticula outra c\u00e9lula criminosa na Opera\u00e7\u00e3o P\u00eandulo"},"content":{"rendered":"<p>Por volta das 09h de s\u00e1bado, 12\/09\/2015, o tr\u00eas-lagoense J.V.M.L. e seu tio M.L.M., de 21 e 35 anos respectivamente, foram abordados por Policiais Federais na zona rural de Tr\u00eas Lagoas, quando transitavam em um VW\/Gol de cor branca.<\/p>\n<p>No interior do autom\u00f3vel a Pol\u00edcia Federal encontrou mais de 100 kg de maconha, que tinha como destino a cidade de Tr\u00eas Lagoas\/MS.<\/p>\n<p>Durante a abordagem os indiciados resistiram \u00e0 pris\u00e3o e jogaram o ve\u00edculo em dire\u00e7\u00e3o \u00e0 viatura da policia federal tentando evadir-se do local, sem sucesso.<\/p>\n<p>O entorpecente apreendido pertencia ao grupo criminoso investigado na Opera\u00e7\u00e3o P\u00eandulo, deflagrada na \u00faltima quinta-feira (10\/09\/2015).<\/p>\n<p>Este foi o sexto flagrante relacionado ao mesmo grupo criminoso. Desde o in\u00edcio das investiga\u00e7\u00f5es, em mar\u00e7o deste ano, mais de cinco toneladas de maconha, 18 ve\u00edculos, arma de fogo e 70 muni\u00e7\u00f5es foram apreendidas em seis flagrantes ocorridos em cidades e datas distintas.<\/p>\n<p>Ap\u00f3s serem interrogados pela Autoridade Policial, a dupla de traficantes foi encaminhada ao Pres\u00eddio de Tr\u00eas Lagoas, onde permanece \u00e0 disposi\u00e7\u00e3o da Justi\u00e7a e responder\u00e1 pelos crimes de tr\u00e1fico de drogas, associa\u00e7\u00e3o para o tr\u00e1fico, desobedi\u00eancia e resist\u00eancia \u00e0 pris\u00e3o, crimes cujas penas somadas podem chegar a 27 anos de reclus\u00e3o.<\/p>\n<p>Comunica\u00e7\u00e3o Social da Delegacia de Pol\u00edcia Federal em Tr\u00eas Lagoas\/MS<\/p>\n","protected":false},"excerpt":{"rendered":"<p>Por volta das 09h de s\u00e1bado, 12\/09\/2015, o tr\u00eas-lagoense J.V.M.L. e seu tio M.L.M., de 21 e 35 anos respectivamente, foram abordados por Policiais Federais na zona rural de Tr\u00eas Lagoas, quando transitavam em um VW\/Gol de cor branca. No interior do autom\u00f3vel a Pol\u00edcia Federal encontrou mais de 100 kg de maconha, que tinha [&hellip;]<\/p>\n","protected":false},"author":4,"featured_media":9978,"comment_status":"closed","ping_status":"closed","sticky":false,"template":"","format":"standard","meta":{"footnotes":""},"categories":[38],"tags":[],"class_list":["post-9977","post","type-post","status-publish","format-standard","has-post-thumbnail","hentry","category-policia"],"_links":{"self":[{"href":"https:\/\/www.ocorreionews.com.br\/acervo-correio\/index.php?rest_route=\/wp\/v2\/posts\/9977","targetHints":{"allow":["GET"]}}],"collection":[{"href":"https:\/\/www.ocorreionews.com.br\/acervo-correio\/index.php?rest_route=\/wp\/v2\/posts"}],"about":[{"href":"https:\/\/www.ocorreionews.com.br\/acervo-correio\/index.php?rest_route=\/wp\/v2\/types\/post"}],"author":[{"embeddable":true,"href":"https:\/\/www.ocorreionews.com.br\/acervo-correio\/index.php?rest_route=\/wp\/v2\/users\/4"}],"replies":[{"embeddable":true,"href":"https:\/\/www.ocorreionews.com.br\/acervo-correio\/index.php?rest_route=%2Fwp%2Fv2%2Fcomments&post=9977"}],"version-history":[{"count":0,"href":"https:\/\/www.ocorreionews.com.br\/acervo-correio\/index.php?rest_route=\/wp\/v2\/posts\/9977\/revisions"}],"wp:featuredmedia":[{"embeddable":true,"href":"https:\/\/www.ocorreionews.com.br\/acervo-correio\/index.php?rest_route=\/wp\/v2\/media\/9978"}],"wp:attachment":[{"href":"https:\/\/www.ocorreionews.com.br\/acervo-correio\/index.php?rest_route=%2Fwp%2Fv2%2Fmedia&parent=9977"}],"wp:term":[{"taxonomy":"category","embeddable":true,"href":"https:\/\/www.ocorreionews.com.br\/acervo-correio\/index.php?rest_route=%2Fwp%2Fv2%2Fcategories&post=9977"},{"taxonomy":"post_tag","embeddable":true,"href":"https:\/\/www.ocorreionews.com.br\/acervo-correio\/index.php?rest_route=%2Fwp%2Fv2%2Ftags&post=9977"}],"curies":[{"name":"wp","href":"https:\/\/api.w.org\/{rel}","templated":true}]}}